{"id":1610,"date":"2024-06-26T09:18:00","date_gmt":"2024-06-26T07:18:00","guid":{"rendered":"https:\/\/universitatpopular.com\/2024\/06\/26\/la-universidad-popular-abrira-la-preinscripcion-para-el-curso-2024-25-el-proximo-3-de-septiembre\/"},"modified":"2024-07-27T14:21:14","modified_gmt":"2024-07-27T12:21:14","slug":"la-universidad-popular-abrira-la-preinscripcion-para-el-curso-2024-25-el-proximo-3-de-septiembre","status":"publish","type":"post","link":"https:\/\/universitatpopular.com\/ca\/2024\/06\/26\/la-universidad-popular-abrira-la-preinscripcion-para-el-curso-2024-25-el-proximo-3-de-septiembre\/","title":{"rendered":"La Universitat Popular obrir\u00e0 la preinscripci\u00f3 per al curs 2024\/25 el pr\u00f2xim 4 de setembre"},"content":{"rendered":"\n<p>La Universitat Popular obrir\u00e0 el termini de <strong>preinscripci\u00f3 en les activitats del curs 2024\/25 el pr\u00f2xim 4 de setembre.<\/strong> El sorteig de places es realitzar\u00e0 en tancar-se el per\u00edode de preinscripci\u00f3 i les persones que obtinguen pla\u00e7a podran formalitzar la matr\u00edcula en els dies seg\u00fcents, que s'anunciaran pr\u00e8viament.<\/p>\n\n<p>El regidor de Majors i president del Consell Rector de la Universitat Popular, Jos\u00e9 Vicente Gos\u00e1lbez, ha explicat que \u201cestem treballant perqu\u00e8 el pr\u00f2xim curs la UP puga oferir m\u00e9s places i acollir aix\u00ed un major nombre de persones interessades a formar part d'esta gran fam\u00edlia\u201d. En estos moments, ha afegit l'edil, \u201cestem completant l'\u00faltima fase del proc\u00e9s d'estabilitzaci\u00f3 del personal laboral de la Universitat Popular, format principalment pels qui impartixen les classes en els 31 centres actuals; i aix\u00f2 permetr\u00e0, a m\u00e9s de millorar les condicions laborals, disposar de borses de treball per a cobrir les baixes laborals que puguen produir-se, fet que fins ara obligava a tancar els grups d'activitat\u201d.<\/p>\n\n<p>La nova programaci\u00f3 d'activitats podr\u00e0 consultar-se a partir de setembre, amb l'obertura del termini de preinscripci\u00f3, al <a href=\"https:\/\/shorturl.at\/MfAdi\">web de la UP<\/a>. Est\u00e0 previst que les classes del pr\u00f2xim curs comencen en octubre. La matr\u00edcula ser\u00e0 telem\u00e0tica, a trav\u00e9s de la plataforma de matriculaci\u00f3 habitual de la Universitat Popular accessible des del seu web.<\/p>\n\n<p>Els centres de la Universitat Popular han finalitzat les classes del curs 23\/24, per\u00f2 estaran oberts per a l\u2019atenci\u00f3 al p\u00fablic fins a l'11 de juliol en horari de mat\u00ed.<\/p>\n","protected":false},"excerpt":{"rendered":"<p>La Universitat Popular obrir\u00e0 el termini de preinscripci\u00f3 en les activitats del curs 2024\/25 el pr\u00f2xim 4 de setembre. El sorteig de places es realitzar\u00e0 en tancar-se el per\u00edode de [&hellip;]<\/p>\n","protected":false},"author":1,"featured_media":2564,"comment_status":"open","ping_status":"open","sticky":false,"template":"","format":"standard","meta":{"_acf_changed":false,"_EventAllDay":false,"_EventTimezone":"","_EventStartDate":"","_EventEndDate":"","_EventStartDateUTC":"","_EventEndDateUTC":"","_EventShowMap":false,"_EventShowMapLink":false,"_EventURL":"","_EventCost":"","_EventCostDescription":"","_EventCurrencySymbol":"","_EventCurrencyCode":"","_EventCurrencyPosition":"","_EventDateTimeSeparator":"","_EventTimeRangeSeparator":"","_EventOrganizerID":[],"_EventVenueID":[],"_OrganizerEmail":"","_OrganizerPhone":"","_OrganizerWebsite":"","_VenueAddress":"","_VenueCity":"","_VenueCountry":"","_VenueProvince":"","_VenueState":"","_VenueZip":"","_VenuePhone":"","_VenueURL":"","_VenueStateProvince":"","_VenueLat":"","_VenueLng":"","_VenueShowMap":false,"_VenueShowMapLink":false,"footnotes":""},"categories":[1],"tags":[],"class_list":["post-1610","post","type-post","status-publish","format-standard","has-post-thumbnail","hentry","category-actualitat"],"acf":[],"yoast_head":"<!-- This site is optimized with the Yoast SEO plugin v25.8 - https:\/\/yoast.com\/wordpress\/plugins\/seo\/ -->\n<title>La Universitat Popular obrir\u00e0 la preinscripci\u00f3 per al curs 2024\/25 el pr\u00f2xim 4 de setembre - Universitat Popular<\/title>\n<meta name=\"robots\" content=\"index, follow, max-snippet:-1, max-image-preview:large, max-video-preview:-1\" \/>\n<link rel=\"canonical\" href=\"https:\/\/universitatpopular.com\/ca\/2024\/06\/26\/la-universidad-popular-abrira-la-preinscripcion-para-el-curso-2024-25-el-proximo-3-de-septiembre\/\" \/>\n<meta property=\"og:locale\" content=\"ca_ES\" \/>\n<meta property=\"og:type\" content=\"article\" \/>\n<meta property=\"og:title\" content=\"La Universitat Popular obrir\u00e0 la preinscripci\u00f3 per al curs 2024\/25 el pr\u00f2xim 4 de setembre - Universitat Popular\" \/>\n<meta property=\"og:description\" content=\"La Universitat Popular obrir\u00e0 el termini de preinscripci\u00f3 en les activitats del curs 2024\/25 el pr\u00f2xim 4 de setembre. El sorteig de places es realitzar\u00e0 en tancar-se el per\u00edode de [&hellip;]\" \/>\n<meta property=\"og:url\" content=\"https:\/\/universitatpopular.com\/ca\/2024\/06\/26\/la-universidad-popular-abrira-la-preinscripcion-para-el-curso-2024-25-el-proximo-3-de-septiembre\/\" \/>\n<meta property=\"og:site_name\" content=\"Universitat Popular\" \/>\n<meta property=\"article:publisher\" content=\"https:\/\/www.facebook.com\/universitatpopularvalencia\/\" \/>\n<meta property=\"article:published_time\" content=\"2024-06-26T07:18:00+00:00\" \/>\n<meta property=\"article:modified_time\" content=\"2024-07-27T12:21:14+00:00\" \/>\n<meta property=\"og:image\" content=\"https:\/\/universitatpopular.com\/wp-content\/uploads\/2024\/06\/IMG_20230119_114352-scaled.jpg\" \/>\n\t<meta property=\"og:image:width\" content=\"2560\" \/>\n\t<meta property=\"og:image:height\" content=\"1181\" \/>\n\t<meta property=\"og:image:type\" content=\"image\/jpeg\" \/>\n<meta name=\"author\" content=\"up_admin\" \/>\n<meta name=\"twitter:card\" content=\"summary_large_image\" \/>\n<meta name=\"twitter:creator\" content=\"@univ_po_pu_lar\" \/>\n<meta name=\"twitter:site\" content=\"@univ_po_pu_lar\" \/>\n<meta name=\"twitter:label1\" content=\"Escrit per\" \/>\n\t<meta name=\"twitter:data1\" content=\"up_admin\" \/>\n\t<meta name=\"twitter:label2\" content=\"Temps estimat de lectura\" \/>\n\t<meta name=\"twitter:data2\" content=\"1 minut\" \/>\n<script type=\"application\/ld+json\" class=\"yoast-schema-graph\">{\"@context\":\"https:\/\/schema.org\",\"@graph\":[{\"@type\":\"Article\",\"@id\":\"https:\/\/universitatpopular.com\/ca\/2024\/06\/26\/la-universidad-popular-abrira-la-preinscripcion-para-el-curso-2024-25-el-proximo-3-de-septiembre\/#article\",\"isPartOf\":{\"@id\":\"https:\/\/universitatpopular.com\/ca\/2024\/06\/26\/la-universidad-popular-abrira-la-preinscripcion-para-el-curso-2024-25-el-proximo-3-de-septiembre\/\"},\"author\":{\"name\":\"up_admin\",\"@id\":\"https:\/\/universitatpopular.com\/#\/schema\/person\/d3c71acd9b53f704d446f37ace9b1274\"},\"headline\":\"La Universitat Popular obrir\u00e0 la preinscripci\u00f3 per al curs 2024\/25 el pr\u00f2xim 4 de setembre\",\"datePublished\":\"2024-06-26T07:18:00+00:00\",\"dateModified\":\"2024-07-27T12:21:14+00:00\",\"mainEntityOfPage\":{\"@id\":\"https:\/\/universitatpopular.com\/ca\/2024\/06\/26\/la-universidad-popular-abrira-la-preinscripcion-para-el-curso-2024-25-el-proximo-3-de-septiembre\/\"},\"wordCount\":279,\"commentCount\":0,\"publisher\":{\"@id\":\"https:\/\/universitatpopular.com\/#organization\"},\"image\":{\"@id\":\"https:\/\/universitatpopular.com\/ca\/2024\/06\/26\/la-universidad-popular-abrira-la-preinscripcion-para-el-curso-2024-25-el-proximo-3-de-septiembre\/#primaryimage\"},\"thumbnailUrl\":\"https:\/\/universitatpopular.com\/wp-content\/uploads\/2024\/06\/IMG_20230119_114352-scaled.jpg\",\"articleSection\":[\"Actualitat\"],\"inLanguage\":\"ca\",\"potentialAction\":[{\"@type\":\"CommentAction\",\"name\":\"Comment\",\"target\":[\"https:\/\/universitatpopular.com\/ca\/2024\/06\/26\/la-universidad-popular-abrira-la-preinscripcion-para-el-curso-2024-25-el-proximo-3-de-septiembre\/#respond\"]}]},{\"@type\":\"WebPage\",\"@id\":\"https:\/\/universitatpopular.com\/ca\/2024\/06\/26\/la-universidad-popular-abrira-la-preinscripcion-para-el-curso-2024-25-el-proximo-3-de-septiembre\/\",\"url\":\"https:\/\/universitatpopular.com\/ca\/2024\/06\/26\/la-universidad-popular-abrira-la-preinscripcion-para-el-curso-2024-25-el-proximo-3-de-septiembre\/\",\"name\":\"La Universitat Popular obrir\u00e0 la preinscripci\u00f3 per al curs 2024\/25 el pr\u00f2xim 4 de setembre - Universitat Popular\",\"isPartOf\":{\"@id\":\"https:\/\/universitatpopular.com\/#website\"},\"primaryImageOfPage\":{\"@id\":\"https:\/\/universitatpopular.com\/ca\/2024\/06\/26\/la-universidad-popular-abrira-la-preinscripcion-para-el-curso-2024-25-el-proximo-3-de-septiembre\/#primaryimage\"},\"image\":{\"@id\":\"https:\/\/universitatpopular.com\/ca\/2024\/06\/26\/la-universidad-popular-abrira-la-preinscripcion-para-el-curso-2024-25-el-proximo-3-de-septiembre\/#primaryimage\"},\"thumbnailUrl\":\"https:\/\/universitatpopular.com\/wp-content\/uploads\/2024\/06\/IMG_20230119_114352-scaled.jpg\",\"datePublished\":\"2024-06-26T07:18:00+00:00\",\"dateModified\":\"2024-07-27T12:21:14+00:00\",\"breadcrumb\":{\"@id\":\"https:\/\/universitatpopular.com\/ca\/2024\/06\/26\/la-universidad-popular-abrira-la-preinscripcion-para-el-curso-2024-25-el-proximo-3-de-septiembre\/#breadcrumb\"},\"inLanguage\":\"ca\",\"potentialAction\":[{\"@type\":\"ReadAction\",\"target\":[\"https:\/\/universitatpopular.com\/ca\/2024\/06\/26\/la-universidad-popular-abrira-la-preinscripcion-para-el-curso-2024-25-el-proximo-3-de-septiembre\/\"]}]},{\"@type\":\"ImageObject\",\"inLanguage\":\"ca\",\"@id\":\"https:\/\/universitatpopular.com\/ca\/2024\/06\/26\/la-universidad-popular-abrira-la-preinscripcion-para-el-curso-2024-25-el-proximo-3-de-septiembre\/#primaryimage\",\"url\":\"https:\/\/universitatpopular.com\/wp-content\/uploads\/2024\/06\/IMG_20230119_114352-scaled.jpg\",\"contentUrl\":\"https:\/\/universitatpopular.com\/wp-content\/uploads\/2024\/06\/IMG_20230119_114352-scaled.jpg\",\"width\":2560,\"height\":1181},{\"@type\":\"BreadcrumbList\",\"@id\":\"https:\/\/universitatpopular.com\/ca\/2024\/06\/26\/la-universidad-popular-abrira-la-preinscripcion-para-el-curso-2024-25-el-proximo-3-de-septiembre\/#breadcrumb\",\"itemListElement\":[{\"@type\":\"ListItem\",\"position\":1,\"name\":\"Portada\",\"item\":\"https:\/\/universitatpopular.com\/ca\/portada\/\"},{\"@type\":\"ListItem\",\"position\":2,\"name\":\"La Universitat Popular obrir\u00e0 la preinscripci\u00f3 per al curs 2024\/25 el pr\u00f2xim 4 de setembre\"}]},{\"@type\":\"WebSite\",\"@id\":\"https:\/\/universitatpopular.com\/#website\",\"url\":\"https:\/\/universitatpopular.com\/\",\"name\":\"Universitat Popular\",\"description\":\"Web de la Universitat Popular de l&#039;Ajuntament de Val\u00e8ncia\",\"publisher\":{\"@id\":\"https:\/\/universitatpopular.com\/#organization\"},\"potentialAction\":[{\"@type\":\"SearchAction\",\"target\":{\"@type\":\"EntryPoint\",\"urlTemplate\":\"https:\/\/universitatpopular.com\/?s={search_term_string}\"},\"query-input\":{\"@type\":\"PropertyValueSpecification\",\"valueRequired\":true,\"valueName\":\"search_term_string\"}}],\"inLanguage\":\"ca\"},{\"@type\":\"Organization\",\"@id\":\"https:\/\/universitatpopular.com\/#organization\",\"name\":\"Universitat Popular\",\"url\":\"https:\/\/universitatpopular.com\/\",\"logo\":{\"@type\":\"ImageObject\",\"inLanguage\":\"ca\",\"@id\":\"https:\/\/universitatpopular.com\/#\/schema\/logo\/image\/\",\"url\":\"https:\/\/universitatpopular.com\/wp-content\/uploads\/2024\/04\/logo-universitat-popular-de-valencia_vertical.svg\",\"contentUrl\":\"https:\/\/universitatpopular.com\/wp-content\/uploads\/2024\/04\/logo-universitat-popular-de-valencia_vertical.svg\",\"width\":190.15,\"height\":124.13,\"caption\":\"Universitat Popular\"},\"image\":{\"@id\":\"https:\/\/universitatpopular.com\/#\/schema\/logo\/image\/\"},\"sameAs\":[\"https:\/\/www.facebook.com\/universitatpopularvalencia\/\",\"https:\/\/x.com\/univ_po_pu_lar\",\"https:\/\/www.instagram.com\/universitatpopularvlc\/\",\"https:\/\/www.youtube.com\/channel\/UC6MyVEiz44QUeMvO8K3ofwA\"]},{\"@type\":\"Person\",\"@id\":\"https:\/\/universitatpopular.com\/#\/schema\/person\/d3c71acd9b53f704d446f37ace9b1274\",\"name\":\"up_admin\",\"sameAs\":[\"https:\/\/universitatpopular.com\"],\"url\":\"https:\/\/universitatpopular.com\/ca\/author\/up_admin\/\"}]}<\/script>\n<!-- \/ Yoast SEO plugin. -->","yoast_head_json":{"title":"La Universitat Popular obrir\u00e0 la preinscripci\u00f3 per al curs 2024\/25 el pr\u00f2xim 4 de setembre - Universitat Popular","robots":{"index":"index","follow":"follow","max-snippet":"max-snippet:-1","max-image-preview":"max-image-preview:large","max-video-preview":"max-video-preview:-1"},"canonical":"https:\/\/universitatpopular.com\/ca\/2024\/06\/26\/la-universidad-popular-abrira-la-preinscripcion-para-el-curso-2024-25-el-proximo-3-de-septiembre\/","og_locale":"ca_ES","og_type":"article","og_title":"La Universitat Popular obrir\u00e0 la preinscripci\u00f3 per al curs 2024\/25 el pr\u00f2xim 4 de setembre - Universitat Popular","og_description":"La Universitat Popular obrir\u00e0 el termini de preinscripci\u00f3 en les activitats del curs 2024\/25 el pr\u00f2xim 4 de setembre. El sorteig de places es realitzar\u00e0 en tancar-se el per\u00edode de [&hellip;]","og_url":"https:\/\/universitatpopular.com\/ca\/2024\/06\/26\/la-universidad-popular-abrira-la-preinscripcion-para-el-curso-2024-25-el-proximo-3-de-septiembre\/","og_site_name":"Universitat Popular","article_publisher":"https:\/\/www.facebook.com\/universitatpopularvalencia\/","article_published_time":"2024-06-26T07:18:00+00:00","article_modified_time":"2024-07-27T12:21:14+00:00","og_image":[{"width":2560,"height":1181,"url":"https:\/\/universitatpopular.com\/wp-content\/uploads\/2024\/06\/IMG_20230119_114352-scaled.jpg","type":"image\/jpeg"}],"author":"up_admin","twitter_card":"summary_large_image","twitter_creator":"@univ_po_pu_lar","twitter_site":"@univ_po_pu_lar","twitter_misc":{"Escrit per":"up_admin","Temps estimat de lectura":"1 minut"},"schema":{"@context":"https:\/\/schema.org","@graph":[{"@type":"Article","@id":"https:\/\/universitatpopular.com\/ca\/2024\/06\/26\/la-universidad-popular-abrira-la-preinscripcion-para-el-curso-2024-25-el-proximo-3-de-septiembre\/#article","isPartOf":{"@id":"https:\/\/universitatpopular.com\/ca\/2024\/06\/26\/la-universidad-popular-abrira-la-preinscripcion-para-el-curso-2024-25-el-proximo-3-de-septiembre\/"},"author":{"name":"up_admin","@id":"https:\/\/universitatpopular.com\/#\/schema\/person\/d3c71acd9b53f704d446f37ace9b1274"},"headline":"La Universitat Popular obrir\u00e0 la preinscripci\u00f3 per al curs 2024\/25 el pr\u00f2xim 4 de setembre","datePublished":"2024-06-26T07:18:00+00:00","dateModified":"2024-07-27T12:21:14+00:00","mainEntityOfPage":{"@id":"https:\/\/universitatpopular.com\/ca\/2024\/06\/26\/la-universidad-popular-abrira-la-preinscripcion-para-el-curso-2024-25-el-proximo-3-de-septiembre\/"},"wordCount":279,"commentCount":0,"publisher":{"@id":"https:\/\/universitatpopular.com\/#organization"},"image":{"@id":"https:\/\/universitatpopular.com\/ca\/2024\/06\/26\/la-universidad-popular-abrira-la-preinscripcion-para-el-curso-2024-25-el-proximo-3-de-septiembre\/#primaryimage"},"thumbnailUrl":"https:\/\/universitatpopular.com\/wp-content\/uploads\/2024\/06\/IMG_20230119_114352-scaled.jpg","articleSection":["Actualitat"],"inLanguage":"ca","potentialAction":[{"@type":"CommentAction","name":"Comment","target":["https:\/\/universitatpopular.com\/ca\/2024\/06\/26\/la-universidad-popular-abrira-la-preinscripcion-para-el-curso-2024-25-el-proximo-3-de-septiembre\/#respond"]}]},{"@type":"WebPage","@id":"https:\/\/universitatpopular.com\/ca\/2024\/06\/26\/la-universidad-popular-abrira-la-preinscripcion-para-el-curso-2024-25-el-proximo-3-de-septiembre\/","url":"https:\/\/universitatpopular.com\/ca\/2024\/06\/26\/la-universidad-popular-abrira-la-preinscripcion-para-el-curso-2024-25-el-proximo-3-de-septiembre\/","name":"La Universitat Popular obrir\u00e0 la preinscripci\u00f3 per al curs 2024\/25 el pr\u00f2xim 4 de setembre - Universitat Popular","isPartOf":{"@id":"https:\/\/universitatpopular.com\/#website"},"primaryImageOfPage":{"@id":"https:\/\/universitatpopular.com\/ca\/2024\/06\/26\/la-universidad-popular-abrira-la-preinscripcion-para-el-curso-2024-25-el-proximo-3-de-septiembre\/#primaryimage"},"image":{"@id":"https:\/\/universitatpopular.com\/ca\/2024\/06\/26\/la-universidad-popular-abrira-la-preinscripcion-para-el-curso-2024-25-el-proximo-3-de-septiembre\/#primaryimage"},"thumbnailUrl":"https:\/\/universitatpopular.com\/wp-content\/uploads\/2024\/06\/IMG_20230119_114352-scaled.jpg","datePublished":"2024-06-26T07:18:00+00:00","dateModified":"2024-07-27T12:21:14+00:00","breadcrumb":{"@id":"https:\/\/universitatpopular.com\/ca\/2024\/06\/26\/la-universidad-popular-abrira-la-preinscripcion-para-el-curso-2024-25-el-proximo-3-de-septiembre\/#breadcrumb"},"inLanguage":"ca","potentialAction":[{"@type":"ReadAction","target":["https:\/\/universitatpopular.com\/ca\/2024\/06\/26\/la-universidad-popular-abrira-la-preinscripcion-para-el-curso-2024-25-el-proximo-3-de-septiembre\/"]}]},{"@type":"ImageObject","inLanguage":"ca","@id":"https:\/\/universitatpopular.com\/ca\/2024\/06\/26\/la-universidad-popular-abrira-la-preinscripcion-para-el-curso-2024-25-el-proximo-3-de-septiembre\/#primaryimage","url":"https:\/\/universitatpopular.com\/wp-content\/uploads\/2024\/06\/IMG_20230119_114352-scaled.jpg","contentUrl":"https:\/\/universitatpopular.com\/wp-content\/uploads\/2024\/06\/IMG_20230119_114352-scaled.jpg","width":2560,"height":1181},{"@type":"BreadcrumbList","@id":"https:\/\/universitatpopular.com\/ca\/2024\/06\/26\/la-universidad-popular-abrira-la-preinscripcion-para-el-curso-2024-25-el-proximo-3-de-septiembre\/#breadcrumb","itemListElement":[{"@type":"ListItem","position":1,"name":"Portada","item":"https:\/\/universitatpopular.com\/ca\/portada\/"},{"@type":"ListItem","position":2,"name":"La Universitat Popular obrir\u00e0 la preinscripci\u00f3 per al curs 2024\/25 el pr\u00f2xim 4 de setembre"}]},{"@type":"WebSite","@id":"https:\/\/universitatpopular.com\/#website","url":"https:\/\/universitatpopular.com\/","name":"Universitat Popular","description":"Web de la Universitat Popular de l&#039;Ajuntament de Val\u00e8ncia","publisher":{"@id":"https:\/\/universitatpopular.com\/#organization"},"potentialAction":[{"@type":"SearchAction","target":{"@type":"EntryPoint","urlTemplate":"https:\/\/universitatpopular.com\/?s={search_term_string}"},"query-input":{"@type":"PropertyValueSpecification","valueRequired":true,"valueName":"search_term_string"}}],"inLanguage":"ca"},{"@type":"Organization","@id":"https:\/\/universitatpopular.com\/#organization","name":"Universitat Popular","url":"https:\/\/universitatpopular.com\/","logo":{"@type":"ImageObject","inLanguage":"ca","@id":"https:\/\/universitatpopular.com\/#\/schema\/logo\/image\/","url":"https:\/\/universitatpopular.com\/wp-content\/uploads\/2024\/04\/logo-universitat-popular-de-valencia_vertical.svg","contentUrl":"https:\/\/universitatpopular.com\/wp-content\/uploads\/2024\/04\/logo-universitat-popular-de-valencia_vertical.svg","width":190.15,"height":124.13,"caption":"Universitat Popular"},"image":{"@id":"https:\/\/universitatpopular.com\/#\/schema\/logo\/image\/"},"sameAs":["https:\/\/www.facebook.com\/universitatpopularvalencia\/","https:\/\/x.com\/univ_po_pu_lar","https:\/\/www.instagram.com\/universitatpopularvlc\/","https:\/\/www.youtube.com\/channel\/UC6MyVEiz44QUeMvO8K3ofwA"]},{"@type":"Person","@id":"https:\/\/universitatpopular.com\/#\/schema\/person\/d3c71acd9b53f704d446f37ace9b1274","name":"up_admin","sameAs":["https:\/\/universitatpopular.com"],"url":"https:\/\/universitatpopular.com\/ca\/author\/up_admin\/"}]}},"_links":{"self":[{"href":"https:\/\/universitatpopular.com\/ca\/wp-json\/wp\/v2\/posts\/1610","targetHints":{"allow":["GET"]}}],"collection":[{"href":"https:\/\/universitatpopular.com\/ca\/wp-json\/wp\/v2\/posts"}],"about":[{"href":"https:\/\/universitatpopular.com\/ca\/wp-json\/wp\/v2\/types\/post"}],"author":[{"embeddable":true,"href":"https:\/\/universitatpopular.com\/ca\/wp-json\/wp\/v2\/users\/1"}],"replies":[{"embeddable":true,"href":"https:\/\/universitatpopular.com\/ca\/wp-json\/wp\/v2\/comments?post=1610"}],"version-history":[{"count":8,"href":"https:\/\/universitatpopular.com\/ca\/wp-json\/wp\/v2\/posts\/1610\/revisions"}],"predecessor-version":[{"id":2569,"href":"https:\/\/universitatpopular.com\/ca\/wp-json\/wp\/v2\/posts\/1610\/revisions\/2569"}],"wp:featuredmedia":[{"embeddable":true,"href":"https:\/\/universitatpopular.com\/ca\/wp-json\/wp\/v2\/media\/2564"}],"wp:attachment":[{"href":"https:\/\/universitatpopular.com\/ca\/wp-json\/wp\/v2\/media?parent=1610"}],"wp:term":[{"taxonomy":"category","embeddable":true,"href":"https:\/\/universitatpopular.com\/ca\/wp-json\/wp\/v2\/categories?post=1610"},{"taxonomy":"post_tag","embeddable":true,"href":"https:\/\/universitatpopular.com\/ca\/wp-json\/wp\/v2\/tags?post=1610"}],"curies":[{"name":"wp","href":"https:\/\/api.w.org\/{rel}","templated":true}]}}