{"id":4068,"date":"2024-09-11T15:42:50","date_gmt":"2024-09-11T13:42:50","guid":{"rendered":"https:\/\/universitatpopular.com\/2024\/09\/11\/el-sorteig-de-places-per-al-curs-2024-25-se-celebrara-el-divendres-13-a-la-casa-museu-blasco-ibanez\/"},"modified":"2024-09-11T15:47:36","modified_gmt":"2024-09-11T13:47:36","slug":"el-sorteig-de-places-per-al-curs-2024-25-se-celebrara-el-divendres-13-a-la-casa-museu-blasco-ibanez","status":"publish","type":"post","link":"https:\/\/universitatpopular.com\/ca\/2024\/09\/11\/el-sorteig-de-places-per-al-curs-2024-25-se-celebrara-el-divendres-13-a-la-casa-museu-blasco-ibanez\/","title":{"rendered":"El sorteig de places per al curs 2024\/25 se celebrar\u00e0 el divendres 13 a la Casa Museu Blasco Ib\u00e1\u00f1ez"},"content":{"rendered":"\n<p>Divendres que ve 13\/09\/24 se celebrar\u00e0 l'acte p\u00fablic del sorteig de places per a les activitats de la Universitat Popular del curs 2024\/25. L'acte tindr\u00e0 lloc a la Casa Museu Blasco Ib\u00e1\u00f1ez, fundador de la primera Universitat Popular de Val\u00e8ncia, a les 12.30 hores. L'acc\u00e9s ser\u00e0 lliure fins a completar l'aforament de la sala, que \u00e9s de 30 persones.<\/p>\n","protected":false},"excerpt":{"rendered":"<p>Divendres que ve 13\/09\/24 se celebrar\u00e0 l'acte p\u00fablic del sorteig de places per a les activitats de la Universitat Popular del curs 2024\/25. L'acte tindr\u00e0 lloc a la Casa Museu [&hellip;]<\/p>\n","protected":false},"author":1,"featured_media":4061,"comment_status":"open","ping_status":"open","sticky":false,"template":"","format":"standard","meta":{"_acf_changed":false,"_EventAllDay":false,"_EventTimezone":"","_EventStartDate":"","_EventEndDate":"","_EventStartDateUTC":"","_EventEndDateUTC":"","_EventShowMap":false,"_EventShowMapLink":false,"_EventURL":"","_EventCost":"","_EventCostDescription":"","_EventCurrencySymbol":"","_EventCurrencyCode":"","_EventCurrencyPosition":"","_EventDateTimeSeparator":"","_EventTimeRangeSeparator":"","_EventOrganizerID":[],"_EventVenueID":[],"_OrganizerEmail":"","_OrganizerPhone":"","_OrganizerWebsite":"","_VenueAddress":"","_VenueCity":"","_VenueCountry":"","_VenueProvince":"","_VenueState":"","_VenueZip":"","_VenuePhone":"","_VenueURL":"","_VenueStateProvince":"","_VenueLat":"","_VenueLng":"","_VenueShowMap":false,"_VenueShowMapLink":false,"footnotes":""},"categories":[1],"tags":[],"class_list":["post-4068","post","type-post","status-publish","format-standard","has-post-thumbnail","hentry","category-actualitat"],"acf":[],"yoast_head":"<!-- This site is optimized with the Yoast SEO plugin v25.8 - https:\/\/yoast.com\/wordpress\/plugins\/seo\/ -->\n<title>El sorteig de places per al curs 2024\/25 se celebrar\u00e0 el divendres 13 a la Casa Museu Blasco Ib\u00e1\u00f1ez - Universitat Popular<\/title>\n<meta name=\"robots\" content=\"index, follow, max-snippet:-1, max-image-preview:large, max-video-preview:-1\" \/>\n<link rel=\"canonical\" href=\"https:\/\/universitatpopular.com\/ca\/2024\/09\/11\/el-sorteig-de-places-per-al-curs-2024-25-se-celebrara-el-divendres-13-a-la-casa-museu-blasco-ibanez\/\" \/>\n<meta property=\"og:locale\" content=\"ca_ES\" \/>\n<meta property=\"og:type\" content=\"article\" \/>\n<meta property=\"og:title\" content=\"El sorteig de places per al curs 2024\/25 se celebrar\u00e0 el divendres 13 a la Casa Museu Blasco Ib\u00e1\u00f1ez - Universitat Popular\" \/>\n<meta property=\"og:description\" content=\"Divendres que ve 13\/09\/24 se celebrar\u00e0 l&#039;acte p\u00fablic del sorteig de places per a les activitats de la Universitat Popular del curs 2024\/25. L&#039;acte tindr\u00e0 lloc a la Casa Museu [&hellip;]\" \/>\n<meta property=\"og:url\" content=\"https:\/\/universitatpopular.com\/ca\/2024\/09\/11\/el-sorteig-de-places-per-al-curs-2024-25-se-celebrara-el-divendres-13-a-la-casa-museu-blasco-ibanez\/\" \/>\n<meta property=\"og:site_name\" content=\"Universitat Popular\" \/>\n<meta property=\"article:publisher\" content=\"https:\/\/www.facebook.com\/universitatpopularvalencia\/\" \/>\n<meta property=\"article:published_time\" content=\"2024-09-11T13:42:50+00:00\" \/>\n<meta property=\"article:modified_time\" content=\"2024-09-11T13:47:36+00:00\" \/>\n<meta property=\"og:image\" content=\"https:\/\/universitatpopular.com\/wp-content\/uploads\/2024\/09\/casa-museo-blasco-ibanez.jpg\" \/>\n\t<meta property=\"og:image:width\" content=\"860\" \/>\n\t<meta property=\"og:image:height\" content=\"350\" \/>\n\t<meta property=\"og:image:type\" content=\"image\/jpeg\" \/>\n<meta name=\"author\" content=\"up_admin\" \/>\n<meta name=\"twitter:card\" content=\"summary_large_image\" \/>\n<meta name=\"twitter:creator\" content=\"@univ_po_pu_lar\" \/>\n<meta name=\"twitter:site\" content=\"@univ_po_pu_lar\" \/>\n<meta name=\"twitter:label1\" content=\"Escrit per\" \/>\n\t<meta name=\"twitter:data1\" content=\"up_admin\" \/>\n<script type=\"application\/ld+json\" class=\"yoast-schema-graph\">{\"@context\":\"https:\/\/schema.org\",\"@graph\":[{\"@type\":\"Article\",\"@id\":\"https:\/\/universitatpopular.com\/ca\/2024\/09\/11\/el-sorteig-de-places-per-al-curs-2024-25-se-celebrara-el-divendres-13-a-la-casa-museu-blasco-ibanez\/#article\",\"isPartOf\":{\"@id\":\"https:\/\/universitatpopular.com\/ca\/2024\/09\/11\/el-sorteig-de-places-per-al-curs-2024-25-se-celebrara-el-divendres-13-a-la-casa-museu-blasco-ibanez\/\"},\"author\":{\"name\":\"up_admin\",\"@id\":\"https:\/\/universitatpopular.com\/#\/schema\/person\/d3c71acd9b53f704d446f37ace9b1274\"},\"headline\":\"El sorteig de places per al curs 2024\/25 se celebrar\u00e0 el divendres 13 a la Casa Museu Blasco Ib\u00e1\u00f1ez\",\"datePublished\":\"2024-09-11T13:42:50+00:00\",\"dateModified\":\"2024-09-11T13:47:36+00:00\",\"mainEntityOfPage\":{\"@id\":\"https:\/\/universitatpopular.com\/ca\/2024\/09\/11\/el-sorteig-de-places-per-al-curs-2024-25-se-celebrara-el-divendres-13-a-la-casa-museu-blasco-ibanez\/\"},\"wordCount\":81,\"commentCount\":0,\"publisher\":{\"@id\":\"https:\/\/universitatpopular.com\/#organization\"},\"image\":{\"@id\":\"https:\/\/universitatpopular.com\/ca\/2024\/09\/11\/el-sorteig-de-places-per-al-curs-2024-25-se-celebrara-el-divendres-13-a-la-casa-museu-blasco-ibanez\/#primaryimage\"},\"thumbnailUrl\":\"https:\/\/universitatpopular.com\/wp-content\/uploads\/2024\/09\/casa-museo-blasco-ibanez.jpg\",\"articleSection\":[\"Actualitat\"],\"inLanguage\":\"ca\",\"potentialAction\":[{\"@type\":\"CommentAction\",\"name\":\"Comment\",\"target\":[\"https:\/\/universitatpopular.com\/ca\/2024\/09\/11\/el-sorteig-de-places-per-al-curs-2024-25-se-celebrara-el-divendres-13-a-la-casa-museu-blasco-ibanez\/#respond\"]}]},{\"@type\":\"WebPage\",\"@id\":\"https:\/\/universitatpopular.com\/ca\/2024\/09\/11\/el-sorteig-de-places-per-al-curs-2024-25-se-celebrara-el-divendres-13-a-la-casa-museu-blasco-ibanez\/\",\"url\":\"https:\/\/universitatpopular.com\/ca\/2024\/09\/11\/el-sorteig-de-places-per-al-curs-2024-25-se-celebrara-el-divendres-13-a-la-casa-museu-blasco-ibanez\/\",\"name\":\"El sorteig de places per al curs 2024\/25 se celebrar\u00e0 el divendres 13 a la Casa Museu Blasco Ib\u00e1\u00f1ez - Universitat Popular\",\"isPartOf\":{\"@id\":\"https:\/\/universitatpopular.com\/#website\"},\"primaryImageOfPage\":{\"@id\":\"https:\/\/universitatpopular.com\/ca\/2024\/09\/11\/el-sorteig-de-places-per-al-curs-2024-25-se-celebrara-el-divendres-13-a-la-casa-museu-blasco-ibanez\/#primaryimage\"},\"image\":{\"@id\":\"https:\/\/universitatpopular.com\/ca\/2024\/09\/11\/el-sorteig-de-places-per-al-curs-2024-25-se-celebrara-el-divendres-13-a-la-casa-museu-blasco-ibanez\/#primaryimage\"},\"thumbnailUrl\":\"https:\/\/universitatpopular.com\/wp-content\/uploads\/2024\/09\/casa-museo-blasco-ibanez.jpg\",\"datePublished\":\"2024-09-11T13:42:50+00:00\",\"dateModified\":\"2024-09-11T13:47:36+00:00\",\"breadcrumb\":{\"@id\":\"https:\/\/universitatpopular.com\/ca\/2024\/09\/11\/el-sorteig-de-places-per-al-curs-2024-25-se-celebrara-el-divendres-13-a-la-casa-museu-blasco-ibanez\/#breadcrumb\"},\"inLanguage\":\"ca\",\"potentialAction\":[{\"@type\":\"ReadAction\",\"target\":[\"https:\/\/universitatpopular.com\/ca\/2024\/09\/11\/el-sorteig-de-places-per-al-curs-2024-25-se-celebrara-el-divendres-13-a-la-casa-museu-blasco-ibanez\/\"]}]},{\"@type\":\"ImageObject\",\"inLanguage\":\"ca\",\"@id\":\"https:\/\/universitatpopular.com\/ca\/2024\/09\/11\/el-sorteig-de-places-per-al-curs-2024-25-se-celebrara-el-divendres-13-a-la-casa-museu-blasco-ibanez\/#primaryimage\",\"url\":\"https:\/\/universitatpopular.com\/wp-content\/uploads\/2024\/09\/casa-museo-blasco-ibanez.jpg\",\"contentUrl\":\"https:\/\/universitatpopular.com\/wp-content\/uploads\/2024\/09\/casa-museo-blasco-ibanez.jpg\",\"width\":860,\"height\":350},{\"@type\":\"BreadcrumbList\",\"@id\":\"https:\/\/universitatpopular.com\/ca\/2024\/09\/11\/el-sorteig-de-places-per-al-curs-2024-25-se-celebrara-el-divendres-13-a-la-casa-museu-blasco-ibanez\/#breadcrumb\",\"itemListElement\":[{\"@type\":\"ListItem\",\"position\":1,\"name\":\"Portada\",\"item\":\"https:\/\/universitatpopular.com\/ca\/portada\/\"},{\"@type\":\"ListItem\",\"position\":2,\"name\":\"El sorteig de places per al curs 2024\/25 se celebrar\u00e0 el divendres 13 a la Casa Museu Blasco Ib\u00e1\u00f1ez\"}]},{\"@type\":\"WebSite\",\"@id\":\"https:\/\/universitatpopular.com\/#website\",\"url\":\"https:\/\/universitatpopular.com\/\",\"name\":\"Universitat Popular\",\"description\":\"Web de la Universitat Popular de l&#039;Ajuntament de Val\u00e8ncia\",\"publisher\":{\"@id\":\"https:\/\/universitatpopular.com\/#organization\"},\"potentialAction\":[{\"@type\":\"SearchAction\",\"target\":{\"@type\":\"EntryPoint\",\"urlTemplate\":\"https:\/\/universitatpopular.com\/?s={search_term_string}\"},\"query-input\":{\"@type\":\"PropertyValueSpecification\",\"valueRequired\":true,\"valueName\":\"search_term_string\"}}],\"inLanguage\":\"ca\"},{\"@type\":\"Organization\",\"@id\":\"https:\/\/universitatpopular.com\/#organization\",\"name\":\"Universitat Popular\",\"url\":\"https:\/\/universitatpopular.com\/\",\"logo\":{\"@type\":\"ImageObject\",\"inLanguage\":\"ca\",\"@id\":\"https:\/\/universitatpopular.com\/#\/schema\/logo\/image\/\",\"url\":\"https:\/\/universitatpopular.com\/wp-content\/uploads\/2024\/04\/logo-universitat-popular-de-valencia_vertical.svg\",\"contentUrl\":\"https:\/\/universitatpopular.com\/wp-content\/uploads\/2024\/04\/logo-universitat-popular-de-valencia_vertical.svg\",\"width\":190.15,\"height\":124.13,\"caption\":\"Universitat Popular\"},\"image\":{\"@id\":\"https:\/\/universitatpopular.com\/#\/schema\/logo\/image\/\"},\"sameAs\":[\"https:\/\/www.facebook.com\/universitatpopularvalencia\/\",\"https:\/\/x.com\/univ_po_pu_lar\",\"https:\/\/www.instagram.com\/universitatpopularvlc\/\",\"https:\/\/www.youtube.com\/channel\/UC6MyVEiz44QUeMvO8K3ofwA\"]},{\"@type\":\"Person\",\"@id\":\"https:\/\/universitatpopular.com\/#\/schema\/person\/d3c71acd9b53f704d446f37ace9b1274\",\"name\":\"up_admin\",\"sameAs\":[\"https:\/\/universitatpopular.com\"],\"url\":\"https:\/\/universitatpopular.com\/ca\/author\/up_admin\/\"}]}<\/script>\n<!-- \/ Yoast SEO plugin. -->","yoast_head_json":{"title":"El sorteig de places per al curs 2024\/25 se celebrar\u00e0 el divendres 13 a la Casa Museu Blasco Ib\u00e1\u00f1ez - Universitat Popular","robots":{"index":"index","follow":"follow","max-snippet":"max-snippet:-1","max-image-preview":"max-image-preview:large","max-video-preview":"max-video-preview:-1"},"canonical":"https:\/\/universitatpopular.com\/ca\/2024\/09\/11\/el-sorteig-de-places-per-al-curs-2024-25-se-celebrara-el-divendres-13-a-la-casa-museu-blasco-ibanez\/","og_locale":"ca_ES","og_type":"article","og_title":"El sorteig de places per al curs 2024\/25 se celebrar\u00e0 el divendres 13 a la Casa Museu Blasco Ib\u00e1\u00f1ez - Universitat Popular","og_description":"Divendres que ve 13\/09\/24 se celebrar\u00e0 l'acte p\u00fablic del sorteig de places per a les activitats de la Universitat Popular del curs 2024\/25. L'acte tindr\u00e0 lloc a la Casa Museu [&hellip;]","og_url":"https:\/\/universitatpopular.com\/ca\/2024\/09\/11\/el-sorteig-de-places-per-al-curs-2024-25-se-celebrara-el-divendres-13-a-la-casa-museu-blasco-ibanez\/","og_site_name":"Universitat Popular","article_publisher":"https:\/\/www.facebook.com\/universitatpopularvalencia\/","article_published_time":"2024-09-11T13:42:50+00:00","article_modified_time":"2024-09-11T13:47:36+00:00","og_image":[{"width":860,"height":350,"url":"https:\/\/universitatpopular.com\/wp-content\/uploads\/2024\/09\/casa-museo-blasco-ibanez.jpg","type":"image\/jpeg"}],"author":"up_admin","twitter_card":"summary_large_image","twitter_creator":"@univ_po_pu_lar","twitter_site":"@univ_po_pu_lar","twitter_misc":{"Escrit per":"up_admin"},"schema":{"@context":"https:\/\/schema.org","@graph":[{"@type":"Article","@id":"https:\/\/universitatpopular.com\/ca\/2024\/09\/11\/el-sorteig-de-places-per-al-curs-2024-25-se-celebrara-el-divendres-13-a-la-casa-museu-blasco-ibanez\/#article","isPartOf":{"@id":"https:\/\/universitatpopular.com\/ca\/2024\/09\/11\/el-sorteig-de-places-per-al-curs-2024-25-se-celebrara-el-divendres-13-a-la-casa-museu-blasco-ibanez\/"},"author":{"name":"up_admin","@id":"https:\/\/universitatpopular.com\/#\/schema\/person\/d3c71acd9b53f704d446f37ace9b1274"},"headline":"El sorteig de places per al curs 2024\/25 se celebrar\u00e0 el divendres 13 a la Casa Museu Blasco Ib\u00e1\u00f1ez","datePublished":"2024-09-11T13:42:50+00:00","dateModified":"2024-09-11T13:47:36+00:00","mainEntityOfPage":{"@id":"https:\/\/universitatpopular.com\/ca\/2024\/09\/11\/el-sorteig-de-places-per-al-curs-2024-25-se-celebrara-el-divendres-13-a-la-casa-museu-blasco-ibanez\/"},"wordCount":81,"commentCount":0,"publisher":{"@id":"https:\/\/universitatpopular.com\/#organization"},"image":{"@id":"https:\/\/universitatpopular.com\/ca\/2024\/09\/11\/el-sorteig-de-places-per-al-curs-2024-25-se-celebrara-el-divendres-13-a-la-casa-museu-blasco-ibanez\/#primaryimage"},"thumbnailUrl":"https:\/\/universitatpopular.com\/wp-content\/uploads\/2024\/09\/casa-museo-blasco-ibanez.jpg","articleSection":["Actualitat"],"inLanguage":"ca","potentialAction":[{"@type":"CommentAction","name":"Comment","target":["https:\/\/universitatpopular.com\/ca\/2024\/09\/11\/el-sorteig-de-places-per-al-curs-2024-25-se-celebrara-el-divendres-13-a-la-casa-museu-blasco-ibanez\/#respond"]}]},{"@type":"WebPage","@id":"https:\/\/universitatpopular.com\/ca\/2024\/09\/11\/el-sorteig-de-places-per-al-curs-2024-25-se-celebrara-el-divendres-13-a-la-casa-museu-blasco-ibanez\/","url":"https:\/\/universitatpopular.com\/ca\/2024\/09\/11\/el-sorteig-de-places-per-al-curs-2024-25-se-celebrara-el-divendres-13-a-la-casa-museu-blasco-ibanez\/","name":"El sorteig de places per al curs 2024\/25 se celebrar\u00e0 el divendres 13 a la Casa Museu Blasco Ib\u00e1\u00f1ez - Universitat Popular","isPartOf":{"@id":"https:\/\/universitatpopular.com\/#website"},"primaryImageOfPage":{"@id":"https:\/\/universitatpopular.com\/ca\/2024\/09\/11\/el-sorteig-de-places-per-al-curs-2024-25-se-celebrara-el-divendres-13-a-la-casa-museu-blasco-ibanez\/#primaryimage"},"image":{"@id":"https:\/\/universitatpopular.com\/ca\/2024\/09\/11\/el-sorteig-de-places-per-al-curs-2024-25-se-celebrara-el-divendres-13-a-la-casa-museu-blasco-ibanez\/#primaryimage"},"thumbnailUrl":"https:\/\/universitatpopular.com\/wp-content\/uploads\/2024\/09\/casa-museo-blasco-ibanez.jpg","datePublished":"2024-09-11T13:42:50+00:00","dateModified":"2024-09-11T13:47:36+00:00","breadcrumb":{"@id":"https:\/\/universitatpopular.com\/ca\/2024\/09\/11\/el-sorteig-de-places-per-al-curs-2024-25-se-celebrara-el-divendres-13-a-la-casa-museu-blasco-ibanez\/#breadcrumb"},"inLanguage":"ca","potentialAction":[{"@type":"ReadAction","target":["https:\/\/universitatpopular.com\/ca\/2024\/09\/11\/el-sorteig-de-places-per-al-curs-2024-25-se-celebrara-el-divendres-13-a-la-casa-museu-blasco-ibanez\/"]}]},{"@type":"ImageObject","inLanguage":"ca","@id":"https:\/\/universitatpopular.com\/ca\/2024\/09\/11\/el-sorteig-de-places-per-al-curs-2024-25-se-celebrara-el-divendres-13-a-la-casa-museu-blasco-ibanez\/#primaryimage","url":"https:\/\/universitatpopular.com\/wp-content\/uploads\/2024\/09\/casa-museo-blasco-ibanez.jpg","contentUrl":"https:\/\/universitatpopular.com\/wp-content\/uploads\/2024\/09\/casa-museo-blasco-ibanez.jpg","width":860,"height":350},{"@type":"BreadcrumbList","@id":"https:\/\/universitatpopular.com\/ca\/2024\/09\/11\/el-sorteig-de-places-per-al-curs-2024-25-se-celebrara-el-divendres-13-a-la-casa-museu-blasco-ibanez\/#breadcrumb","itemListElement":[{"@type":"ListItem","position":1,"name":"Portada","item":"https:\/\/universitatpopular.com\/ca\/portada\/"},{"@type":"ListItem","position":2,"name":"El sorteig de places per al curs 2024\/25 se celebrar\u00e0 el divendres 13 a la Casa Museu Blasco Ib\u00e1\u00f1ez"}]},{"@type":"WebSite","@id":"https:\/\/universitatpopular.com\/#website","url":"https:\/\/universitatpopular.com\/","name":"Universitat Popular","description":"Web de la Universitat Popular de l&#039;Ajuntament de Val\u00e8ncia","publisher":{"@id":"https:\/\/universitatpopular.com\/#organization"},"potentialAction":[{"@type":"SearchAction","target":{"@type":"EntryPoint","urlTemplate":"https:\/\/universitatpopular.com\/?s={search_term_string}"},"query-input":{"@type":"PropertyValueSpecification","valueRequired":true,"valueName":"search_term_string"}}],"inLanguage":"ca"},{"@type":"Organization","@id":"https:\/\/universitatpopular.com\/#organization","name":"Universitat Popular","url":"https:\/\/universitatpopular.com\/","logo":{"@type":"ImageObject","inLanguage":"ca","@id":"https:\/\/universitatpopular.com\/#\/schema\/logo\/image\/","url":"https:\/\/universitatpopular.com\/wp-content\/uploads\/2024\/04\/logo-universitat-popular-de-valencia_vertical.svg","contentUrl":"https:\/\/universitatpopular.com\/wp-content\/uploads\/2024\/04\/logo-universitat-popular-de-valencia_vertical.svg","width":190.15,"height":124.13,"caption":"Universitat Popular"},"image":{"@id":"https:\/\/universitatpopular.com\/#\/schema\/logo\/image\/"},"sameAs":["https:\/\/www.facebook.com\/universitatpopularvalencia\/","https:\/\/x.com\/univ_po_pu_lar","https:\/\/www.instagram.com\/universitatpopularvlc\/","https:\/\/www.youtube.com\/channel\/UC6MyVEiz44QUeMvO8K3ofwA"]},{"@type":"Person","@id":"https:\/\/universitatpopular.com\/#\/schema\/person\/d3c71acd9b53f704d446f37ace9b1274","name":"up_admin","sameAs":["https:\/\/universitatpopular.com"],"url":"https:\/\/universitatpopular.com\/ca\/author\/up_admin\/"}]}},"_links":{"self":[{"href":"https:\/\/universitatpopular.com\/ca\/wp-json\/wp\/v2\/posts\/4068","targetHints":{"allow":["GET"]}}],"collection":[{"href":"https:\/\/universitatpopular.com\/ca\/wp-json\/wp\/v2\/posts"}],"about":[{"href":"https:\/\/universitatpopular.com\/ca\/wp-json\/wp\/v2\/types\/post"}],"author":[{"embeddable":true,"href":"https:\/\/universitatpopular.com\/ca\/wp-json\/wp\/v2\/users\/1"}],"replies":[{"embeddable":true,"href":"https:\/\/universitatpopular.com\/ca\/wp-json\/wp\/v2\/comments?post=4068"}],"version-history":[{"count":1,"href":"https:\/\/universitatpopular.com\/ca\/wp-json\/wp\/v2\/posts\/4068\/revisions"}],"predecessor-version":[{"id":4069,"href":"https:\/\/universitatpopular.com\/ca\/wp-json\/wp\/v2\/posts\/4068\/revisions\/4069"}],"wp:featuredmedia":[{"embeddable":true,"href":"https:\/\/universitatpopular.com\/ca\/wp-json\/wp\/v2\/media\/4061"}],"wp:attachment":[{"href":"https:\/\/universitatpopular.com\/ca\/wp-json\/wp\/v2\/media?parent=4068"}],"wp:term":[{"taxonomy":"category","embeddable":true,"href":"https:\/\/universitatpopular.com\/ca\/wp-json\/wp\/v2\/categories?post=4068"},{"taxonomy":"post_tag","embeddable":true,"href":"https:\/\/universitatpopular.com\/ca\/wp-json\/wp\/v2\/tags?post=4068"}],"curies":[{"name":"wp","href":"https:\/\/api.w.org\/{rel}","templated":true}]}}