{"id":4154,"date":"2024-09-13T18:41:11","date_gmt":"2024-09-13T16:41:11","guid":{"rendered":"https:\/\/universitatpopular.com\/2024\/09\/13\/resultat-del-sorteig-de-places-per-al-curs-2024-25\/"},"modified":"2024-09-13T19:41:22","modified_gmt":"2024-09-13T17:41:22","slug":"resultat-del-sorteig-de-places-per-al-curs-2024-25","status":"publish","type":"post","link":"https:\/\/universitatpopular.com\/ca\/2024\/09\/13\/resultat-del-sorteig-de-places-per-al-curs-2024-25\/","title":{"rendered":"Resultat del sorteig de places per al curs 2024\/25"},"content":{"rendered":"\n<p>La Universitat Popular ha celebrat este mat\u00ed, a la Casa Museu Blasco Ib\u00e1\u00f1ez, el sorteig de places per a les activitats del curs 2024\/25, en un acte p\u00fablic amb entrada lliure i l'assist\u00e8ncia del regidor de Majors i president del Consell Rector de la Universitat Popular, Jos\u00e9 Vicente Gos\u00e1lbez; el director de la Universitat Popular, Ricardo Belda i el Secretari delegat d'Universitat Popular de l'Ajuntament de Val\u00e8ncia. <\/p>\n\n<p>L'assignaci\u00f3 de places per a cada activitat comen\u00e7ar\u00e0 pel cognom que les seues primeres dos lletres coincidisquen o seguisquen en orde alfab\u00e8tic a les lletres obtingudes en el sorteig per a cada activitat. El resultat \u00e9s per activitat, independentment del centre en el que s'haguera sol\u00b7licitat pla\u00e7a.<\/p>\n\n<p>A partir del dia 20 de setembre a les 10 hores, les persones interessades podran consultar en la web de matr\u00edcula si han obtingut pla\u00e7a i formalitzar el pagament d'esta.<\/p>\n\n<p>Recorden que la Universitat Popular no li demanar\u00e0 que polse sobre cap enlla\u00e7 de matr\u00edcula per SMS o mail. Per a accedir de manera segura ha de fer-ho a trav\u00e9s d'esta mateixa web, en l'apartat de matr\u00edcula.<\/p>\n\n<p>Consulte ac\u00ed el resultat:<\/p>\n\n<figure class=\"wp-block-image size-large\"><img loading=\"lazy\" decoding=\"async\" width=\"724\" height=\"1024\" src=\"https:\/\/universitatpopular.com\/wp-content\/uploads\/2024\/09\/SORTEO-PLAZAS-24-25-724x1024.png\" alt=\"\" class=\"wp-image-4149\" srcset=\"https:\/\/universitatpopular.com\/wp-content\/uploads\/2024\/09\/SORTEO-PLAZAS-24-25-724x1024.png 724w, https:\/\/universitatpopular.com\/wp-content\/uploads\/2024\/09\/SORTEO-PLAZAS-24-25-212x300.png 212w, https:\/\/universitatpopular.com\/wp-content\/uploads\/2024\/09\/SORTEO-PLAZAS-24-25-768x1086.png 768w, https:\/\/universitatpopular.com\/wp-content\/uploads\/2024\/09\/SORTEO-PLAZAS-24-25-50x71.png 50w, https:\/\/universitatpopular.com\/wp-content\/uploads\/2024\/09\/SORTEO-PLAZAS-24-25-1600x2263.png 1600w, https:\/\/universitatpopular.com\/wp-content\/uploads\/2024\/09\/SORTEO-PLAZAS-24-25-1086x1536.png 1086w, https:\/\/universitatpopular.com\/wp-content\/uploads\/2024\/09\/SORTEO-PLAZAS-24-25-1448x2048.png 1448w, https:\/\/universitatpopular.com\/wp-content\/uploads\/2024\/09\/SORTEO-PLAZAS-24-25.png 1944w\" sizes=\"auto, (max-width: 724px) 100vw, 724px\" \/><\/figure>\n","protected":false},"excerpt":{"rendered":"<p>La Universitat Popular ha celebrat este mat\u00ed, a la Casa Museu Blasco Ib\u00e1\u00f1ez, el sorteig de places per a les activitats del curs 2024\/25, en un acte p\u00fablic amb entrada [&hellip;]<\/p>\n","protected":false},"author":1,"featured_media":4152,"comment_status":"open","ping_status":"open","sticky":false,"template":"","format":"standard","meta":{"_acf_changed":false,"_EventAllDay":false,"_EventTimezone":"","_EventStartDate":"","_EventEndDate":"","_EventStartDateUTC":"","_EventEndDateUTC":"","_EventShowMap":false,"_EventShowMapLink":false,"_EventURL":"","_EventCost":"","_EventCostDescription":"","_EventCurrencySymbol":"","_EventCurrencyCode":"","_EventCurrencyPosition":"","_EventDateTimeSeparator":"","_EventTimeRangeSeparator":"","_EventOrganizerID":[],"_EventVenueID":[],"_OrganizerEmail":"","_OrganizerPhone":"","_OrganizerWebsite":"","_VenueAddress":"","_VenueCity":"","_VenueCountry":"","_VenueProvince":"","_VenueState":"","_VenueZip":"","_VenuePhone":"","_VenueURL":"","_VenueStateProvince":"","_VenueLat":"","_VenueLng":"","_VenueShowMap":false,"_VenueShowMapLink":false,"footnotes":""},"categories":[1],"tags":[],"class_list":["post-4154","post","type-post","status-publish","format-standard","has-post-thumbnail","hentry","category-actualitat"],"acf":[],"yoast_head":"<!-- This site is optimized with the Yoast SEO plugin v25.8 - https:\/\/yoast.com\/wordpress\/plugins\/seo\/ -->\n<title>Resultat del sorteig de places per al curs 2024\/25 - Universitat Popular<\/title>\n<meta name=\"robots\" content=\"index, follow, max-snippet:-1, max-image-preview:large, max-video-preview:-1\" \/>\n<link rel=\"canonical\" href=\"https:\/\/universitatpopular.com\/ca\/2024\/09\/13\/resultat-del-sorteig-de-places-per-al-curs-2024-25\/\" \/>\n<meta property=\"og:locale\" content=\"ca_ES\" \/>\n<meta property=\"og:type\" content=\"article\" \/>\n<meta property=\"og:title\" content=\"Resultat del sorteig de places per al curs 2024\/25 - Universitat Popular\" \/>\n<meta property=\"og:description\" content=\"La Universitat Popular ha celebrat este mat\u00ed, a la Casa Museu Blasco Ib\u00e1\u00f1ez, el sorteig de places per a les activitats del curs 2024\/25, en un acte p\u00fablic amb entrada [&hellip;]\" \/>\n<meta property=\"og:url\" content=\"https:\/\/universitatpopular.com\/ca\/2024\/09\/13\/resultat-del-sorteig-de-places-per-al-curs-2024-25\/\" \/>\n<meta property=\"og:site_name\" content=\"Universitat Popular\" \/>\n<meta property=\"article:publisher\" content=\"https:\/\/www.facebook.com\/universitatpopularvalencia\/\" \/>\n<meta property=\"article:published_time\" content=\"2024-09-13T16:41:11+00:00\" \/>\n<meta property=\"article:modified_time\" content=\"2024-09-13T17:41:22+00:00\" \/>\n<meta property=\"og:image\" content=\"https:\/\/universitatpopular.com\/wp-content\/uploads\/2024\/09\/0-IMG_20240913_124523.jpg\" \/>\n\t<meta property=\"og:image:width\" content=\"1920\" \/>\n\t<meta property=\"og:image:height\" content=\"1080\" \/>\n\t<meta property=\"og:image:type\" content=\"image\/jpeg\" \/>\n<meta name=\"author\" content=\"up_admin\" \/>\n<meta name=\"twitter:card\" content=\"summary_large_image\" \/>\n<meta name=\"twitter:creator\" content=\"@univ_po_pu_lar\" \/>\n<meta name=\"twitter:site\" content=\"@univ_po_pu_lar\" \/>\n<meta name=\"twitter:label1\" content=\"Escrit per\" \/>\n\t<meta name=\"twitter:data1\" content=\"up_admin\" \/>\n\t<meta name=\"twitter:label2\" content=\"Temps estimat de lectura\" \/>\n\t<meta name=\"twitter:data2\" content=\"1 minut\" \/>\n<script type=\"application\/ld+json\" class=\"yoast-schema-graph\">{\"@context\":\"https:\/\/schema.org\",\"@graph\":[{\"@type\":\"Article\",\"@id\":\"https:\/\/universitatpopular.com\/ca\/2024\/09\/13\/resultat-del-sorteig-de-places-per-al-curs-2024-25\/#article\",\"isPartOf\":{\"@id\":\"https:\/\/universitatpopular.com\/ca\/2024\/09\/13\/resultat-del-sorteig-de-places-per-al-curs-2024-25\/\"},\"author\":{\"name\":\"up_admin\",\"@id\":\"https:\/\/universitatpopular.com\/#\/schema\/person\/d3c71acd9b53f704d446f37ace9b1274\"},\"headline\":\"Resultat del sorteig de places per al curs 2024\/25\",\"datePublished\":\"2024-09-13T16:41:11+00:00\",\"dateModified\":\"2024-09-13T17:41:22+00:00\",\"mainEntityOfPage\":{\"@id\":\"https:\/\/universitatpopular.com\/ca\/2024\/09\/13\/resultat-del-sorteig-de-places-per-al-curs-2024-25\/\"},\"wordCount\":212,\"commentCount\":0,\"publisher\":{\"@id\":\"https:\/\/universitatpopular.com\/#organization\"},\"image\":{\"@id\":\"https:\/\/universitatpopular.com\/ca\/2024\/09\/13\/resultat-del-sorteig-de-places-per-al-curs-2024-25\/#primaryimage\"},\"thumbnailUrl\":\"https:\/\/universitatpopular.com\/wp-content\/uploads\/2024\/09\/0-IMG_20240913_124523.jpg\",\"articleSection\":[\"Actualitat\"],\"inLanguage\":\"ca\",\"potentialAction\":[{\"@type\":\"CommentAction\",\"name\":\"Comment\",\"target\":[\"https:\/\/universitatpopular.com\/ca\/2024\/09\/13\/resultat-del-sorteig-de-places-per-al-curs-2024-25\/#respond\"]}]},{\"@type\":\"WebPage\",\"@id\":\"https:\/\/universitatpopular.com\/ca\/2024\/09\/13\/resultat-del-sorteig-de-places-per-al-curs-2024-25\/\",\"url\":\"https:\/\/universitatpopular.com\/ca\/2024\/09\/13\/resultat-del-sorteig-de-places-per-al-curs-2024-25\/\",\"name\":\"Resultat del sorteig de places per al curs 2024\/25 - Universitat Popular\",\"isPartOf\":{\"@id\":\"https:\/\/universitatpopular.com\/#website\"},\"primaryImageOfPage\":{\"@id\":\"https:\/\/universitatpopular.com\/ca\/2024\/09\/13\/resultat-del-sorteig-de-places-per-al-curs-2024-25\/#primaryimage\"},\"image\":{\"@id\":\"https:\/\/universitatpopular.com\/ca\/2024\/09\/13\/resultat-del-sorteig-de-places-per-al-curs-2024-25\/#primaryimage\"},\"thumbnailUrl\":\"https:\/\/universitatpopular.com\/wp-content\/uploads\/2024\/09\/0-IMG_20240913_124523.jpg\",\"datePublished\":\"2024-09-13T16:41:11+00:00\",\"dateModified\":\"2024-09-13T17:41:22+00:00\",\"breadcrumb\":{\"@id\":\"https:\/\/universitatpopular.com\/ca\/2024\/09\/13\/resultat-del-sorteig-de-places-per-al-curs-2024-25\/#breadcrumb\"},\"inLanguage\":\"ca\",\"potentialAction\":[{\"@type\":\"ReadAction\",\"target\":[\"https:\/\/universitatpopular.com\/ca\/2024\/09\/13\/resultat-del-sorteig-de-places-per-al-curs-2024-25\/\"]}]},{\"@type\":\"ImageObject\",\"inLanguage\":\"ca\",\"@id\":\"https:\/\/universitatpopular.com\/ca\/2024\/09\/13\/resultat-del-sorteig-de-places-per-al-curs-2024-25\/#primaryimage\",\"url\":\"https:\/\/universitatpopular.com\/wp-content\/uploads\/2024\/09\/0-IMG_20240913_124523.jpg\",\"contentUrl\":\"https:\/\/universitatpopular.com\/wp-content\/uploads\/2024\/09\/0-IMG_20240913_124523.jpg\",\"width\":1920,\"height\":1080},{\"@type\":\"BreadcrumbList\",\"@id\":\"https:\/\/universitatpopular.com\/ca\/2024\/09\/13\/resultat-del-sorteig-de-places-per-al-curs-2024-25\/#breadcrumb\",\"itemListElement\":[{\"@type\":\"ListItem\",\"position\":1,\"name\":\"Portada\",\"item\":\"https:\/\/universitatpopular.com\/ca\/portada\/\"},{\"@type\":\"ListItem\",\"position\":2,\"name\":\"Resultat del sorteig de places per al curs 2024\/25\"}]},{\"@type\":\"WebSite\",\"@id\":\"https:\/\/universitatpopular.com\/#website\",\"url\":\"https:\/\/universitatpopular.com\/\",\"name\":\"Universitat Popular\",\"description\":\"Web de la Universitat Popular de l&#039;Ajuntament de Val\u00e8ncia\",\"publisher\":{\"@id\":\"https:\/\/universitatpopular.com\/#organization\"},\"potentialAction\":[{\"@type\":\"SearchAction\",\"target\":{\"@type\":\"EntryPoint\",\"urlTemplate\":\"https:\/\/universitatpopular.com\/?s={search_term_string}\"},\"query-input\":{\"@type\":\"PropertyValueSpecification\",\"valueRequired\":true,\"valueName\":\"search_term_string\"}}],\"inLanguage\":\"ca\"},{\"@type\":\"Organization\",\"@id\":\"https:\/\/universitatpopular.com\/#organization\",\"name\":\"Universitat Popular\",\"url\":\"https:\/\/universitatpopular.com\/\",\"logo\":{\"@type\":\"ImageObject\",\"inLanguage\":\"ca\",\"@id\":\"https:\/\/universitatpopular.com\/#\/schema\/logo\/image\/\",\"url\":\"https:\/\/universitatpopular.com\/wp-content\/uploads\/2024\/04\/logo-universitat-popular-de-valencia_vertical.svg\",\"contentUrl\":\"https:\/\/universitatpopular.com\/wp-content\/uploads\/2024\/04\/logo-universitat-popular-de-valencia_vertical.svg\",\"width\":190.15,\"height\":124.13,\"caption\":\"Universitat Popular\"},\"image\":{\"@id\":\"https:\/\/universitatpopular.com\/#\/schema\/logo\/image\/\"},\"sameAs\":[\"https:\/\/www.facebook.com\/universitatpopularvalencia\/\",\"https:\/\/x.com\/univ_po_pu_lar\",\"https:\/\/www.instagram.com\/universitatpopularvlc\/\",\"https:\/\/www.youtube.com\/channel\/UC6MyVEiz44QUeMvO8K3ofwA\"]},{\"@type\":\"Person\",\"@id\":\"https:\/\/universitatpopular.com\/#\/schema\/person\/d3c71acd9b53f704d446f37ace9b1274\",\"name\":\"up_admin\",\"sameAs\":[\"https:\/\/universitatpopular.com\"],\"url\":\"https:\/\/universitatpopular.com\/ca\/author\/up_admin\/\"}]}<\/script>\n<!-- \/ Yoast SEO plugin. -->","yoast_head_json":{"title":"Resultat del sorteig de places per al curs 2024\/25 - Universitat Popular","robots":{"index":"index","follow":"follow","max-snippet":"max-snippet:-1","max-image-preview":"max-image-preview:large","max-video-preview":"max-video-preview:-1"},"canonical":"https:\/\/universitatpopular.com\/ca\/2024\/09\/13\/resultat-del-sorteig-de-places-per-al-curs-2024-25\/","og_locale":"ca_ES","og_type":"article","og_title":"Resultat del sorteig de places per al curs 2024\/25 - Universitat Popular","og_description":"La Universitat Popular ha celebrat este mat\u00ed, a la Casa Museu Blasco Ib\u00e1\u00f1ez, el sorteig de places per a les activitats del curs 2024\/25, en un acte p\u00fablic amb entrada [&hellip;]","og_url":"https:\/\/universitatpopular.com\/ca\/2024\/09\/13\/resultat-del-sorteig-de-places-per-al-curs-2024-25\/","og_site_name":"Universitat Popular","article_publisher":"https:\/\/www.facebook.com\/universitatpopularvalencia\/","article_published_time":"2024-09-13T16:41:11+00:00","article_modified_time":"2024-09-13T17:41:22+00:00","og_image":[{"width":1920,"height":1080,"url":"https:\/\/universitatpopular.com\/wp-content\/uploads\/2024\/09\/0-IMG_20240913_124523.jpg","type":"image\/jpeg"}],"author":"up_admin","twitter_card":"summary_large_image","twitter_creator":"@univ_po_pu_lar","twitter_site":"@univ_po_pu_lar","twitter_misc":{"Escrit per":"up_admin","Temps estimat de lectura":"1 minut"},"schema":{"@context":"https:\/\/schema.org","@graph":[{"@type":"Article","@id":"https:\/\/universitatpopular.com\/ca\/2024\/09\/13\/resultat-del-sorteig-de-places-per-al-curs-2024-25\/#article","isPartOf":{"@id":"https:\/\/universitatpopular.com\/ca\/2024\/09\/13\/resultat-del-sorteig-de-places-per-al-curs-2024-25\/"},"author":{"name":"up_admin","@id":"https:\/\/universitatpopular.com\/#\/schema\/person\/d3c71acd9b53f704d446f37ace9b1274"},"headline":"Resultat del sorteig de places per al curs 2024\/25","datePublished":"2024-09-13T16:41:11+00:00","dateModified":"2024-09-13T17:41:22+00:00","mainEntityOfPage":{"@id":"https:\/\/universitatpopular.com\/ca\/2024\/09\/13\/resultat-del-sorteig-de-places-per-al-curs-2024-25\/"},"wordCount":212,"commentCount":0,"publisher":{"@id":"https:\/\/universitatpopular.com\/#organization"},"image":{"@id":"https:\/\/universitatpopular.com\/ca\/2024\/09\/13\/resultat-del-sorteig-de-places-per-al-curs-2024-25\/#primaryimage"},"thumbnailUrl":"https:\/\/universitatpopular.com\/wp-content\/uploads\/2024\/09\/0-IMG_20240913_124523.jpg","articleSection":["Actualitat"],"inLanguage":"ca","potentialAction":[{"@type":"CommentAction","name":"Comment","target":["https:\/\/universitatpopular.com\/ca\/2024\/09\/13\/resultat-del-sorteig-de-places-per-al-curs-2024-25\/#respond"]}]},{"@type":"WebPage","@id":"https:\/\/universitatpopular.com\/ca\/2024\/09\/13\/resultat-del-sorteig-de-places-per-al-curs-2024-25\/","url":"https:\/\/universitatpopular.com\/ca\/2024\/09\/13\/resultat-del-sorteig-de-places-per-al-curs-2024-25\/","name":"Resultat del sorteig de places per al curs 2024\/25 - Universitat Popular","isPartOf":{"@id":"https:\/\/universitatpopular.com\/#website"},"primaryImageOfPage":{"@id":"https:\/\/universitatpopular.com\/ca\/2024\/09\/13\/resultat-del-sorteig-de-places-per-al-curs-2024-25\/#primaryimage"},"image":{"@id":"https:\/\/universitatpopular.com\/ca\/2024\/09\/13\/resultat-del-sorteig-de-places-per-al-curs-2024-25\/#primaryimage"},"thumbnailUrl":"https:\/\/universitatpopular.com\/wp-content\/uploads\/2024\/09\/0-IMG_20240913_124523.jpg","datePublished":"2024-09-13T16:41:11+00:00","dateModified":"2024-09-13T17:41:22+00:00","breadcrumb":{"@id":"https:\/\/universitatpopular.com\/ca\/2024\/09\/13\/resultat-del-sorteig-de-places-per-al-curs-2024-25\/#breadcrumb"},"inLanguage":"ca","potentialAction":[{"@type":"ReadAction","target":["https:\/\/universitatpopular.com\/ca\/2024\/09\/13\/resultat-del-sorteig-de-places-per-al-curs-2024-25\/"]}]},{"@type":"ImageObject","inLanguage":"ca","@id":"https:\/\/universitatpopular.com\/ca\/2024\/09\/13\/resultat-del-sorteig-de-places-per-al-curs-2024-25\/#primaryimage","url":"https:\/\/universitatpopular.com\/wp-content\/uploads\/2024\/09\/0-IMG_20240913_124523.jpg","contentUrl":"https:\/\/universitatpopular.com\/wp-content\/uploads\/2024\/09\/0-IMG_20240913_124523.jpg","width":1920,"height":1080},{"@type":"BreadcrumbList","@id":"https:\/\/universitatpopular.com\/ca\/2024\/09\/13\/resultat-del-sorteig-de-places-per-al-curs-2024-25\/#breadcrumb","itemListElement":[{"@type":"ListItem","position":1,"name":"Portada","item":"https:\/\/universitatpopular.com\/ca\/portada\/"},{"@type":"ListItem","position":2,"name":"Resultat del sorteig de places per al curs 2024\/25"}]},{"@type":"WebSite","@id":"https:\/\/universitatpopular.com\/#website","url":"https:\/\/universitatpopular.com\/","name":"Universitat Popular","description":"Web de la Universitat Popular de l&#039;Ajuntament de Val\u00e8ncia","publisher":{"@id":"https:\/\/universitatpopular.com\/#organization"},"potentialAction":[{"@type":"SearchAction","target":{"@type":"EntryPoint","urlTemplate":"https:\/\/universitatpopular.com\/?s={search_term_string}"},"query-input":{"@type":"PropertyValueSpecification","valueRequired":true,"valueName":"search_term_string"}}],"inLanguage":"ca"},{"@type":"Organization","@id":"https:\/\/universitatpopular.com\/#organization","name":"Universitat Popular","url":"https:\/\/universitatpopular.com\/","logo":{"@type":"ImageObject","inLanguage":"ca","@id":"https:\/\/universitatpopular.com\/#\/schema\/logo\/image\/","url":"https:\/\/universitatpopular.com\/wp-content\/uploads\/2024\/04\/logo-universitat-popular-de-valencia_vertical.svg","contentUrl":"https:\/\/universitatpopular.com\/wp-content\/uploads\/2024\/04\/logo-universitat-popular-de-valencia_vertical.svg","width":190.15,"height":124.13,"caption":"Universitat Popular"},"image":{"@id":"https:\/\/universitatpopular.com\/#\/schema\/logo\/image\/"},"sameAs":["https:\/\/www.facebook.com\/universitatpopularvalencia\/","https:\/\/x.com\/univ_po_pu_lar","https:\/\/www.instagram.com\/universitatpopularvlc\/","https:\/\/www.youtube.com\/channel\/UC6MyVEiz44QUeMvO8K3ofwA"]},{"@type":"Person","@id":"https:\/\/universitatpopular.com\/#\/schema\/person\/d3c71acd9b53f704d446f37ace9b1274","name":"up_admin","sameAs":["https:\/\/universitatpopular.com"],"url":"https:\/\/universitatpopular.com\/ca\/author\/up_admin\/"}]}},"_links":{"self":[{"href":"https:\/\/universitatpopular.com\/ca\/wp-json\/wp\/v2\/posts\/4154","targetHints":{"allow":["GET"]}}],"collection":[{"href":"https:\/\/universitatpopular.com\/ca\/wp-json\/wp\/v2\/posts"}],"about":[{"href":"https:\/\/universitatpopular.com\/ca\/wp-json\/wp\/v2\/types\/post"}],"author":[{"embeddable":true,"href":"https:\/\/universitatpopular.com\/ca\/wp-json\/wp\/v2\/users\/1"}],"replies":[{"embeddable":true,"href":"https:\/\/universitatpopular.com\/ca\/wp-json\/wp\/v2\/comments?post=4154"}],"version-history":[{"count":2,"href":"https:\/\/universitatpopular.com\/ca\/wp-json\/wp\/v2\/posts\/4154\/revisions"}],"predecessor-version":[{"id":4160,"href":"https:\/\/universitatpopular.com\/ca\/wp-json\/wp\/v2\/posts\/4154\/revisions\/4160"}],"wp:featuredmedia":[{"embeddable":true,"href":"https:\/\/universitatpopular.com\/ca\/wp-json\/wp\/v2\/media\/4152"}],"wp:attachment":[{"href":"https:\/\/universitatpopular.com\/ca\/wp-json\/wp\/v2\/media?parent=4154"}],"wp:term":[{"taxonomy":"category","embeddable":true,"href":"https:\/\/universitatpopular.com\/ca\/wp-json\/wp\/v2\/categories?post=4154"},{"taxonomy":"post_tag","embeddable":true,"href":"https:\/\/universitatpopular.com\/ca\/wp-json\/wp\/v2\/tags?post=4154"}],"curies":[{"name":"wp","href":"https:\/\/api.w.org\/{rel}","templated":true}]}}