{"id":5243,"date":"2024-10-18T14:34:44","date_gmt":"2024-10-18T12:34:44","guid":{"rendered":"https:\/\/universitatpopular.com\/2024\/10\/18\/la-universitat-popular-creix-i-diversifica-loferta-en-el-curs-2024-2025\/"},"modified":"2024-10-18T14:42:27","modified_gmt":"2024-10-18T12:42:27","slug":"la-universitat-popular-creix-i-diversifica-loferta-en-el-curs-2024-2025","status":"publish","type":"post","link":"https:\/\/universitatpopular.com\/ca\/2024\/10\/18\/la-universitat-popular-creix-i-diversifica-loferta-en-el-curs-2024-2025\/","title":{"rendered":"La Universitat Popular creix i diversifica l\u2019oferta en el curs 2024-2025"},"content":{"rendered":"\n<ul class=\"wp-block-list\">\n<li><strong>El regidor de Majors, Jos\u00e9 Gos\u00e1lbez: \u201cAmb el nou model de gesti\u00f3 hem aconseguit pr\u00e0cticament un ple total dels grups en la primera setmana de matr\u00edcula lliure\u201d.<\/strong><\/li>\n<\/ul>\n\n<ul class=\"wp-block-list\">\n<li><strong>Gos\u00e1lbez ha anunciat que \u201cel nostre objectiu \u00e9s cr\u00e9ixer per poder cobrir tota la demanda que, en l\u2019actualitat, duplica l\u2019oferta. Sabem que \u00e9s un repte dif\u00edcil i ambici\u00f3s, per\u00f2 hi estem compromesos\u201d.<\/strong><\/li>\n<\/ul>\n\n<ul class=\"wp-block-list\">\n<li><strong>Este curs s\u2019han impulsat 20 grups d\u2019autoaprenentatge propis i en col\u00b7laboraci\u00f3 amb entitats, que impliquen una oferta afegida de m\u00e9s de 500 places.<\/strong><\/li>\n<\/ul>\n\n<p>La Universitat Popular ha estrenat este curs un nou model de gesti\u00f3 amb la zonificaci\u00f3 dels 31 centres i la redistribuci\u00f3 de les activitats per districtes. Amb esta reorganitzaci\u00f3 \u201chem aconseguit un ple pr\u00e0cticament total dels grups en la primera setmana de matr\u00edcula\u201d i a m\u00e9s \u201cuna oferta m\u00e9s variada i equilibrada per zones, m\u00e9s grups, m\u00e9s places i, sobretot, noves oportunitats de formar part de la Universitat Popular per a les persones que estaven desitjant incorporar-se a les nostres aules\u201d, afirma el regidor de Majors i president de la Universitat Popular, Jos\u00e9 Gos\u00e1lbez.<\/p>\n\n<p>Gos\u00e1lbez ha anunciat que \u201cl\u2019objectiu \u00e9s cr\u00e9ixer per a poder cobrir tota la demanda, que en l'actualitat duplica l'oferta. Sabem que \u00e9s un repte dif\u00edcil i ambici\u00f3s, per\u00f2 estem compromesos amb millorar constantment la Universitat Popular.\u201d El regidor ha comunicat este mat\u00ed el balan\u00e7 del nou model i del proc\u00e9s de matriculaci\u00f3 en l'acte institucional d'inauguraci\u00f3 del curs 2024\/25 celebrat al Palauet d'Ayora i ha destacat que \u201cVal\u00e8ncia i el ve\u00efnat s\u00f3n la nostra prioritat\u201d.<\/p>\n\n<p>Amb la reorganitzaci\u00f3 de la Universitat Popular per zones de gesti\u00f3 \u201chem ampliat l'oferta a 56 activitats, enfront de les 47 del curs anterior, i hem passat de 463 grups en 2023\/24 a 481 grups este curs\u201d. A m\u00e9s, \u201chem incorporat 15 nous professors sense augmentar la plantilla, optimitzant recursos i reduint responsables\u201d.<\/p>\n\n<p>Per al regidor, \u201cla zonificaci\u00f3 tamb\u00e9 ha perm\u00e9s que pedanies que no disposaven des de fa anys de cap activitat la recuperen, com ara Benifaraig, i que els diferents centres i zones tinguen l'oportunitat de renovar, amb activitats noves, les opcions formatives per als participants\u201d.<\/p>\n\n<p>D'altra banda, segons Gos\u00e1lbez, \u201ceste curs s'ha donat un impuls a 20 grups d'autoaprenentatge propis i en col\u00b7laboraci\u00f3 amb entitats, amb horaris i nombre de sessions diferents a les activitats de cicle llarg, que permetran la participaci\u00f3 de m\u00e9s de 500 persones addicionals en diferents activitats com a lectura, conversa i debat, caminar en grup, lectura teatral, marxa n\u00f2rdica i nutrici\u00f3, entre d\u2019altres activitats, aix\u00ed com la incorporaci\u00f3 dels alumnes d'estos grups a les activitats socioculturals de la Universitat Popular\u201d.<\/p>\n\n<p>El president de la Universitat Popular ha afegit que \u201cla limitaci\u00f3 a dos sol\u00b7licituds de pla\u00e7a per persona en la primera fase de preinscripci\u00f3 -abans determinada en tres sol\u00b7licituds per persona- tamb\u00e9 ha perm\u00e9s donar opci\u00f3 a persones que fins al moment no han tingut oportunitat d'entrar en la Universitat Popular\u201d.<\/p>\n\n<p>D'altra banda, segons el regidor, \u201camb la finalitzaci\u00f3 del proc\u00e9s d'estabilitzaci\u00f3 del personal laboral s\u2019hi preveu incorporar nous formadors de les borses de treball resultants, la qual cosa permetr\u00e0 alhora incrementar de nou les activitats, grups i places disponibles o, per primera vegada, cobrir baixes laborals de professorat\u201d.<\/p>\n\n<p>Finalment, Gos\u00e1lbez ha afegit que \u201cel proc\u00e9s de zonificaci\u00f3 s'ha desenvolupat amb flexibilitat de manera que, despr\u00e9s del proc\u00e9s inicial de preinscripci\u00f3, s'han produ\u00eft ajustos per a despla\u00e7ar activitats que no han tingut acollida en uns centres a uns altres on existeix major demanda\u201d.<\/p>\n\n<p>La Universitat Popular de Val\u00e8ncia disposa de 31 centres distribu\u00efts en barris i pedanies. A m\u00e9s de les activitats formatives a les aules, ha assenyalat el regidor de Majors, \u201ceste curs gestionarem m\u00e9s de 50.000 assist\u00e8ncies a recursos culturals de la ciutat i de la Comunitat Valenciana com a cinemes, teatres, museus o visites culturals, entre d\u2019altres, i desenvoluparem projectes en col\u00b7laboraci\u00f3 amb m\u00e9s de cent entitats i organitzacions socials i culturals\u201d.<\/p>\n","protected":false},"excerpt":{"rendered":"<p>La Universitat Popular ha estrenat este curs un nou model de gesti\u00f3 amb la zonificaci\u00f3 dels 31 centres i la redistribuci\u00f3 de les activitats per districtes. Amb esta reorganitzaci\u00f3 \u201chem [&hellip;]<\/p>\n","protected":false},"author":1,"featured_media":5241,"comment_status":"open","ping_status":"open","sticky":false,"template":"","format":"standard","meta":{"_acf_changed":false,"_EventAllDay":false,"_EventTimezone":"","_EventStartDate":"","_EventEndDate":"","_EventStartDateUTC":"","_EventEndDateUTC":"","_EventShowMap":false,"_EventShowMapLink":false,"_EventURL":"","_EventCost":"","_EventCostDescription":"","_EventCurrencySymbol":"","_EventCurrencyCode":"","_EventCurrencyPosition":"","_EventDateTimeSeparator":"","_EventTimeRangeSeparator":"","_EventOrganizerID":[],"_EventVenueID":[],"_OrganizerEmail":"","_OrganizerPhone":"","_OrganizerWebsite":"","_VenueAddress":"","_VenueCity":"","_VenueCountry":"","_VenueProvince":"","_VenueState":"","_VenueZip":"","_VenuePhone":"","_VenueURL":"","_VenueStateProvince":"","_VenueLat":"","_VenueLng":"","_VenueShowMap":false,"_VenueShowMapLink":false,"footnotes":""},"categories":[1],"tags":[],"class_list":["post-5243","post","type-post","status-publish","format-standard","has-post-thumbnail","hentry","category-actualitat"],"acf":[],"yoast_head":"<!-- This site is optimized with the Yoast SEO plugin v25.8 - https:\/\/yoast.com\/wordpress\/plugins\/seo\/ -->\n<title>La Universitat Popular creix i diversifica l\u2019oferta en el curs 2024-2025 - Universitat Popular<\/title>\n<meta name=\"robots\" content=\"index, follow, max-snippet:-1, max-image-preview:large, max-video-preview:-1\" \/>\n<link rel=\"canonical\" href=\"https:\/\/universitatpopular.com\/ca\/2024\/10\/18\/la-universitat-popular-creix-i-diversifica-loferta-en-el-curs-2024-2025\/\" \/>\n<meta property=\"og:locale\" content=\"ca_ES\" \/>\n<meta property=\"og:type\" content=\"article\" \/>\n<meta property=\"og:title\" content=\"La Universitat Popular creix i diversifica l\u2019oferta en el curs 2024-2025 - Universitat Popular\" \/>\n<meta property=\"og:description\" content=\"La Universitat Popular ha estrenat este curs un nou model de gesti\u00f3 amb la zonificaci\u00f3 dels 31 centres i la redistribuci\u00f3 de les activitats per districtes. Amb esta reorganitzaci\u00f3 \u201chem [&hellip;]\" \/>\n<meta property=\"og:url\" content=\"https:\/\/universitatpopular.com\/ca\/2024\/10\/18\/la-universitat-popular-creix-i-diversifica-loferta-en-el-curs-2024-2025\/\" \/>\n<meta property=\"og:site_name\" content=\"Universitat Popular\" \/>\n<meta property=\"article:publisher\" content=\"https:\/\/www.facebook.com\/universitatpopularvalencia\/\" \/>\n<meta property=\"article:published_time\" content=\"2024-10-18T12:34:44+00:00\" \/>\n<meta property=\"article:modified_time\" content=\"2024-10-18T12:42:27+00:00\" \/>\n<meta property=\"og:image\" content=\"https:\/\/universitatpopular.com\/wp-content\/uploads\/2024\/10\/IMG_1390-scaled.jpg\" \/>\n\t<meta property=\"og:image:width\" content=\"2560\" \/>\n\t<meta property=\"og:image:height\" content=\"1920\" \/>\n\t<meta property=\"og:image:type\" content=\"image\/jpeg\" \/>\n<meta name=\"author\" content=\"up_admin\" \/>\n<meta name=\"twitter:card\" content=\"summary_large_image\" \/>\n<meta name=\"twitter:creator\" content=\"@univ_po_pu_lar\" \/>\n<meta name=\"twitter:site\" content=\"@univ_po_pu_lar\" \/>\n<meta name=\"twitter:label1\" content=\"Escrit per\" \/>\n\t<meta name=\"twitter:data1\" content=\"up_admin\" \/>\n\t<meta name=\"twitter:label2\" content=\"Temps estimat de lectura\" \/>\n\t<meta name=\"twitter:data2\" content=\"3 minuts\" \/>\n<script type=\"application\/ld+json\" class=\"yoast-schema-graph\">{\"@context\":\"https:\/\/schema.org\",\"@graph\":[{\"@type\":\"Article\",\"@id\":\"https:\/\/universitatpopular.com\/ca\/2024\/10\/18\/la-universitat-popular-creix-i-diversifica-loferta-en-el-curs-2024-2025\/#article\",\"isPartOf\":{\"@id\":\"https:\/\/universitatpopular.com\/ca\/2024\/10\/18\/la-universitat-popular-creix-i-diversifica-loferta-en-el-curs-2024-2025\/\"},\"author\":{\"name\":\"up_admin\",\"@id\":\"https:\/\/universitatpopular.com\/#\/schema\/person\/d3c71acd9b53f704d446f37ace9b1274\"},\"headline\":\"La Universitat Popular creix i diversifica l\u2019oferta en el curs 2024-2025\",\"datePublished\":\"2024-10-18T12:34:44+00:00\",\"dateModified\":\"2024-10-18T12:42:27+00:00\",\"mainEntityOfPage\":{\"@id\":\"https:\/\/universitatpopular.com\/ca\/2024\/10\/18\/la-universitat-popular-creix-i-diversifica-loferta-en-el-curs-2024-2025\/\"},\"wordCount\":714,\"commentCount\":0,\"publisher\":{\"@id\":\"https:\/\/universitatpopular.com\/#organization\"},\"image\":{\"@id\":\"https:\/\/universitatpopular.com\/ca\/2024\/10\/18\/la-universitat-popular-creix-i-diversifica-loferta-en-el-curs-2024-2025\/#primaryimage\"},\"thumbnailUrl\":\"https:\/\/universitatpopular.com\/wp-content\/uploads\/2024\/10\/IMG_1390-scaled.jpg\",\"articleSection\":[\"Actualitat\"],\"inLanguage\":\"ca\",\"potentialAction\":[{\"@type\":\"CommentAction\",\"name\":\"Comment\",\"target\":[\"https:\/\/universitatpopular.com\/ca\/2024\/10\/18\/la-universitat-popular-creix-i-diversifica-loferta-en-el-curs-2024-2025\/#respond\"]}]},{\"@type\":\"WebPage\",\"@id\":\"https:\/\/universitatpopular.com\/ca\/2024\/10\/18\/la-universitat-popular-creix-i-diversifica-loferta-en-el-curs-2024-2025\/\",\"url\":\"https:\/\/universitatpopular.com\/ca\/2024\/10\/18\/la-universitat-popular-creix-i-diversifica-loferta-en-el-curs-2024-2025\/\",\"name\":\"La Universitat Popular creix i diversifica l\u2019oferta en el curs 2024-2025 - Universitat Popular\",\"isPartOf\":{\"@id\":\"https:\/\/universitatpopular.com\/#website\"},\"primaryImageOfPage\":{\"@id\":\"https:\/\/universitatpopular.com\/ca\/2024\/10\/18\/la-universitat-popular-creix-i-diversifica-loferta-en-el-curs-2024-2025\/#primaryimage\"},\"image\":{\"@id\":\"https:\/\/universitatpopular.com\/ca\/2024\/10\/18\/la-universitat-popular-creix-i-diversifica-loferta-en-el-curs-2024-2025\/#primaryimage\"},\"thumbnailUrl\":\"https:\/\/universitatpopular.com\/wp-content\/uploads\/2024\/10\/IMG_1390-scaled.jpg\",\"datePublished\":\"2024-10-18T12:34:44+00:00\",\"dateModified\":\"2024-10-18T12:42:27+00:00\",\"breadcrumb\":{\"@id\":\"https:\/\/universitatpopular.com\/ca\/2024\/10\/18\/la-universitat-popular-creix-i-diversifica-loferta-en-el-curs-2024-2025\/#breadcrumb\"},\"inLanguage\":\"ca\",\"potentialAction\":[{\"@type\":\"ReadAction\",\"target\":[\"https:\/\/universitatpopular.com\/ca\/2024\/10\/18\/la-universitat-popular-creix-i-diversifica-loferta-en-el-curs-2024-2025\/\"]}]},{\"@type\":\"ImageObject\",\"inLanguage\":\"ca\",\"@id\":\"https:\/\/universitatpopular.com\/ca\/2024\/10\/18\/la-universitat-popular-creix-i-diversifica-loferta-en-el-curs-2024-2025\/#primaryimage\",\"url\":\"https:\/\/universitatpopular.com\/wp-content\/uploads\/2024\/10\/IMG_1390-scaled.jpg\",\"contentUrl\":\"https:\/\/universitatpopular.com\/wp-content\/uploads\/2024\/10\/IMG_1390-scaled.jpg\",\"width\":2560,\"height\":1920},{\"@type\":\"BreadcrumbList\",\"@id\":\"https:\/\/universitatpopular.com\/ca\/2024\/10\/18\/la-universitat-popular-creix-i-diversifica-loferta-en-el-curs-2024-2025\/#breadcrumb\",\"itemListElement\":[{\"@type\":\"ListItem\",\"position\":1,\"name\":\"Portada\",\"item\":\"https:\/\/universitatpopular.com\/ca\/portada\/\"},{\"@type\":\"ListItem\",\"position\":2,\"name\":\"La Universitat Popular creix i diversifica l\u2019oferta en el curs 2024-2025\"}]},{\"@type\":\"WebSite\",\"@id\":\"https:\/\/universitatpopular.com\/#website\",\"url\":\"https:\/\/universitatpopular.com\/\",\"name\":\"Universitat Popular\",\"description\":\"Web de la Universitat Popular de l&#039;Ajuntament de Val\u00e8ncia\",\"publisher\":{\"@id\":\"https:\/\/universitatpopular.com\/#organization\"},\"potentialAction\":[{\"@type\":\"SearchAction\",\"target\":{\"@type\":\"EntryPoint\",\"urlTemplate\":\"https:\/\/universitatpopular.com\/?s={search_term_string}\"},\"query-input\":{\"@type\":\"PropertyValueSpecification\",\"valueRequired\":true,\"valueName\":\"search_term_string\"}}],\"inLanguage\":\"ca\"},{\"@type\":\"Organization\",\"@id\":\"https:\/\/universitatpopular.com\/#organization\",\"name\":\"Universitat Popular\",\"url\":\"https:\/\/universitatpopular.com\/\",\"logo\":{\"@type\":\"ImageObject\",\"inLanguage\":\"ca\",\"@id\":\"https:\/\/universitatpopular.com\/#\/schema\/logo\/image\/\",\"url\":\"https:\/\/universitatpopular.com\/wp-content\/uploads\/2024\/04\/logo-universitat-popular-de-valencia_vertical.svg\",\"contentUrl\":\"https:\/\/universitatpopular.com\/wp-content\/uploads\/2024\/04\/logo-universitat-popular-de-valencia_vertical.svg\",\"width\":190.15,\"height\":124.13,\"caption\":\"Universitat Popular\"},\"image\":{\"@id\":\"https:\/\/universitatpopular.com\/#\/schema\/logo\/image\/\"},\"sameAs\":[\"https:\/\/www.facebook.com\/universitatpopularvalencia\/\",\"https:\/\/x.com\/univ_po_pu_lar\",\"https:\/\/www.instagram.com\/universitatpopularvlc\/\",\"https:\/\/www.youtube.com\/channel\/UC6MyVEiz44QUeMvO8K3ofwA\"]},{\"@type\":\"Person\",\"@id\":\"https:\/\/universitatpopular.com\/#\/schema\/person\/d3c71acd9b53f704d446f37ace9b1274\",\"name\":\"up_admin\",\"sameAs\":[\"https:\/\/universitatpopular.com\"],\"url\":\"https:\/\/universitatpopular.com\/ca\/author\/up_admin\/\"}]}<\/script>\n<!-- \/ Yoast SEO plugin. -->","yoast_head_json":{"title":"La Universitat Popular creix i diversifica l\u2019oferta en el curs 2024-2025 - Universitat Popular","robots":{"index":"index","follow":"follow","max-snippet":"max-snippet:-1","max-image-preview":"max-image-preview:large","max-video-preview":"max-video-preview:-1"},"canonical":"https:\/\/universitatpopular.com\/ca\/2024\/10\/18\/la-universitat-popular-creix-i-diversifica-loferta-en-el-curs-2024-2025\/","og_locale":"ca_ES","og_type":"article","og_title":"La Universitat Popular creix i diversifica l\u2019oferta en el curs 2024-2025 - Universitat Popular","og_description":"La Universitat Popular ha estrenat este curs un nou model de gesti\u00f3 amb la zonificaci\u00f3 dels 31 centres i la redistribuci\u00f3 de les activitats per districtes. Amb esta reorganitzaci\u00f3 \u201chem [&hellip;]","og_url":"https:\/\/universitatpopular.com\/ca\/2024\/10\/18\/la-universitat-popular-creix-i-diversifica-loferta-en-el-curs-2024-2025\/","og_site_name":"Universitat Popular","article_publisher":"https:\/\/www.facebook.com\/universitatpopularvalencia\/","article_published_time":"2024-10-18T12:34:44+00:00","article_modified_time":"2024-10-18T12:42:27+00:00","og_image":[{"width":2560,"height":1920,"url":"https:\/\/universitatpopular.com\/wp-content\/uploads\/2024\/10\/IMG_1390-scaled.jpg","type":"image\/jpeg"}],"author":"up_admin","twitter_card":"summary_large_image","twitter_creator":"@univ_po_pu_lar","twitter_site":"@univ_po_pu_lar","twitter_misc":{"Escrit per":"up_admin","Temps estimat de lectura":"3 minuts"},"schema":{"@context":"https:\/\/schema.org","@graph":[{"@type":"Article","@id":"https:\/\/universitatpopular.com\/ca\/2024\/10\/18\/la-universitat-popular-creix-i-diversifica-loferta-en-el-curs-2024-2025\/#article","isPartOf":{"@id":"https:\/\/universitatpopular.com\/ca\/2024\/10\/18\/la-universitat-popular-creix-i-diversifica-loferta-en-el-curs-2024-2025\/"},"author":{"name":"up_admin","@id":"https:\/\/universitatpopular.com\/#\/schema\/person\/d3c71acd9b53f704d446f37ace9b1274"},"headline":"La Universitat Popular creix i diversifica l\u2019oferta en el curs 2024-2025","datePublished":"2024-10-18T12:34:44+00:00","dateModified":"2024-10-18T12:42:27+00:00","mainEntityOfPage":{"@id":"https:\/\/universitatpopular.com\/ca\/2024\/10\/18\/la-universitat-popular-creix-i-diversifica-loferta-en-el-curs-2024-2025\/"},"wordCount":714,"commentCount":0,"publisher":{"@id":"https:\/\/universitatpopular.com\/#organization"},"image":{"@id":"https:\/\/universitatpopular.com\/ca\/2024\/10\/18\/la-universitat-popular-creix-i-diversifica-loferta-en-el-curs-2024-2025\/#primaryimage"},"thumbnailUrl":"https:\/\/universitatpopular.com\/wp-content\/uploads\/2024\/10\/IMG_1390-scaled.jpg","articleSection":["Actualitat"],"inLanguage":"ca","potentialAction":[{"@type":"CommentAction","name":"Comment","target":["https:\/\/universitatpopular.com\/ca\/2024\/10\/18\/la-universitat-popular-creix-i-diversifica-loferta-en-el-curs-2024-2025\/#respond"]}]},{"@type":"WebPage","@id":"https:\/\/universitatpopular.com\/ca\/2024\/10\/18\/la-universitat-popular-creix-i-diversifica-loferta-en-el-curs-2024-2025\/","url":"https:\/\/universitatpopular.com\/ca\/2024\/10\/18\/la-universitat-popular-creix-i-diversifica-loferta-en-el-curs-2024-2025\/","name":"La Universitat Popular creix i diversifica l\u2019oferta en el curs 2024-2025 - Universitat Popular","isPartOf":{"@id":"https:\/\/universitatpopular.com\/#website"},"primaryImageOfPage":{"@id":"https:\/\/universitatpopular.com\/ca\/2024\/10\/18\/la-universitat-popular-creix-i-diversifica-loferta-en-el-curs-2024-2025\/#primaryimage"},"image":{"@id":"https:\/\/universitatpopular.com\/ca\/2024\/10\/18\/la-universitat-popular-creix-i-diversifica-loferta-en-el-curs-2024-2025\/#primaryimage"},"thumbnailUrl":"https:\/\/universitatpopular.com\/wp-content\/uploads\/2024\/10\/IMG_1390-scaled.jpg","datePublished":"2024-10-18T12:34:44+00:00","dateModified":"2024-10-18T12:42:27+00:00","breadcrumb":{"@id":"https:\/\/universitatpopular.com\/ca\/2024\/10\/18\/la-universitat-popular-creix-i-diversifica-loferta-en-el-curs-2024-2025\/#breadcrumb"},"inLanguage":"ca","potentialAction":[{"@type":"ReadAction","target":["https:\/\/universitatpopular.com\/ca\/2024\/10\/18\/la-universitat-popular-creix-i-diversifica-loferta-en-el-curs-2024-2025\/"]}]},{"@type":"ImageObject","inLanguage":"ca","@id":"https:\/\/universitatpopular.com\/ca\/2024\/10\/18\/la-universitat-popular-creix-i-diversifica-loferta-en-el-curs-2024-2025\/#primaryimage","url":"https:\/\/universitatpopular.com\/wp-content\/uploads\/2024\/10\/IMG_1390-scaled.jpg","contentUrl":"https:\/\/universitatpopular.com\/wp-content\/uploads\/2024\/10\/IMG_1390-scaled.jpg","width":2560,"height":1920},{"@type":"BreadcrumbList","@id":"https:\/\/universitatpopular.com\/ca\/2024\/10\/18\/la-universitat-popular-creix-i-diversifica-loferta-en-el-curs-2024-2025\/#breadcrumb","itemListElement":[{"@type":"ListItem","position":1,"name":"Portada","item":"https:\/\/universitatpopular.com\/ca\/portada\/"},{"@type":"ListItem","position":2,"name":"La Universitat Popular creix i diversifica l\u2019oferta en el curs 2024-2025"}]},{"@type":"WebSite","@id":"https:\/\/universitatpopular.com\/#website","url":"https:\/\/universitatpopular.com\/","name":"Universitat Popular","description":"Web de la Universitat Popular de l&#039;Ajuntament de Val\u00e8ncia","publisher":{"@id":"https:\/\/universitatpopular.com\/#organization"},"potentialAction":[{"@type":"SearchAction","target":{"@type":"EntryPoint","urlTemplate":"https:\/\/universitatpopular.com\/?s={search_term_string}"},"query-input":{"@type":"PropertyValueSpecification","valueRequired":true,"valueName":"search_term_string"}}],"inLanguage":"ca"},{"@type":"Organization","@id":"https:\/\/universitatpopular.com\/#organization","name":"Universitat Popular","url":"https:\/\/universitatpopular.com\/","logo":{"@type":"ImageObject","inLanguage":"ca","@id":"https:\/\/universitatpopular.com\/#\/schema\/logo\/image\/","url":"https:\/\/universitatpopular.com\/wp-content\/uploads\/2024\/04\/logo-universitat-popular-de-valencia_vertical.svg","contentUrl":"https:\/\/universitatpopular.com\/wp-content\/uploads\/2024\/04\/logo-universitat-popular-de-valencia_vertical.svg","width":190.15,"height":124.13,"caption":"Universitat Popular"},"image":{"@id":"https:\/\/universitatpopular.com\/#\/schema\/logo\/image\/"},"sameAs":["https:\/\/www.facebook.com\/universitatpopularvalencia\/","https:\/\/x.com\/univ_po_pu_lar","https:\/\/www.instagram.com\/universitatpopularvlc\/","https:\/\/www.youtube.com\/channel\/UC6MyVEiz44QUeMvO8K3ofwA"]},{"@type":"Person","@id":"https:\/\/universitatpopular.com\/#\/schema\/person\/d3c71acd9b53f704d446f37ace9b1274","name":"up_admin","sameAs":["https:\/\/universitatpopular.com"],"url":"https:\/\/universitatpopular.com\/ca\/author\/up_admin\/"}]}},"_links":{"self":[{"href":"https:\/\/universitatpopular.com\/ca\/wp-json\/wp\/v2\/posts\/5243","targetHints":{"allow":["GET"]}}],"collection":[{"href":"https:\/\/universitatpopular.com\/ca\/wp-json\/wp\/v2\/posts"}],"about":[{"href":"https:\/\/universitatpopular.com\/ca\/wp-json\/wp\/v2\/types\/post"}],"author":[{"embeddable":true,"href":"https:\/\/universitatpopular.com\/ca\/wp-json\/wp\/v2\/users\/1"}],"replies":[{"embeddable":true,"href":"https:\/\/universitatpopular.com\/ca\/wp-json\/wp\/v2\/comments?post=5243"}],"version-history":[{"count":1,"href":"https:\/\/universitatpopular.com\/ca\/wp-json\/wp\/v2\/posts\/5243\/revisions"}],"predecessor-version":[{"id":5244,"href":"https:\/\/universitatpopular.com\/ca\/wp-json\/wp\/v2\/posts\/5243\/revisions\/5244"}],"wp:featuredmedia":[{"embeddable":true,"href":"https:\/\/universitatpopular.com\/ca\/wp-json\/wp\/v2\/media\/5241"}],"wp:attachment":[{"href":"https:\/\/universitatpopular.com\/ca\/wp-json\/wp\/v2\/media?parent=5243"}],"wp:term":[{"taxonomy":"category","embeddable":true,"href":"https:\/\/universitatpopular.com\/ca\/wp-json\/wp\/v2\/categories?post=5243"},{"taxonomy":"post_tag","embeddable":true,"href":"https:\/\/universitatpopular.com\/ca\/wp-json\/wp\/v2\/tags?post=5243"}],"curies":[{"name":"wp","href":"https:\/\/api.w.org\/{rel}","templated":true}]}}