{"id":5554,"date":"2024-11-04T15:45:38","date_gmt":"2024-11-04T14:45:38","guid":{"rendered":"https:\/\/universitatpopular.com\/2024\/11\/03\/els-centres-up-castellar-la-torre-i-forn-dalcedo-no-podran-reprendre-les-seues-classes-fins-a-nou-avis\/"},"modified":"2024-11-10T21:00:18","modified_gmt":"2024-11-10T20:00:18","slug":"els-centres-up-castellar-la-torre-i-forn-dalcedo-no-podran-reprendre-les-seues-classes-fins-a-nou-avis","status":"publish","type":"post","link":"https:\/\/universitatpopular.com\/ca\/2024\/11\/04\/els-centres-up-castellar-la-torre-i-forn-dalcedo-no-podran-reprendre-les-seues-classes-fins-a-nou-avis\/","title":{"rendered":"UP Val\u00e8ncia repren les seues classes el dimarts 5 excepte en els centres de Castellar, La Torre i Forn d'Alcedo"},"content":{"rendered":"\n<p><p>Tamb\u00e9 se suspenen fins a un altre av\u00eds 2 classes en diferents centres<\/p><\/p>\n\n<p><p>Els centres de la Universitat Popular de Val\u00e8ncia a Castellar, La Torre i Forn d'Alcedo no podran reprendre les seues classes fins a un altre av\u00eds, degut a l'efecte de la DANA en la zona en la qual estan situats. Les seues aules s'han destinat provisionalment a cobrir les necessitats d'atenci\u00f3 per les conseq\u00fc\u00e8ncies de la DANA.<\/p><\/p>\n\n<p><p>A m\u00e9s, a causa de les dificultats per al despla\u00e7ament del personal UP resident en zones afectades, tamb\u00e9 romanen suspeses, fins a un altre av\u00eds, les classes d'Angl\u00e9s i Dibuix de la zona 4 (centres de Algir\u00f3s, Aiora i Camins al Grau).<\/p><\/p>\n\n<p><p>La resta de centres i activitats formatives a les aules dels centres UP s'han repres el dimarts 5 de novembre.<\/p><\/p>\n\n<p><\/p>\n","protected":false},"excerpt":{"rendered":"<p>Tamb\u00e9 se suspenen fins a un altre av\u00eds 2 classes en diferents centres Els centres de la Universitat Popular de Val\u00e8ncia a Castellar, La Torre i Forn d'Alcedo no podran [&hellip;]<\/p>\n","protected":false},"author":1,"featured_media":5561,"comment_status":"open","ping_status":"open","sticky":false,"template":"","format":"standard","meta":{"_acf_changed":false,"_EventAllDay":false,"_EventTimezone":"","_EventStartDate":"","_EventEndDate":"","_EventStartDateUTC":"","_EventEndDateUTC":"","_EventShowMap":false,"_EventShowMapLink":false,"_EventURL":"","_EventCost":"","_EventCostDescription":"","_EventCurrencySymbol":"","_EventCurrencyCode":"","_EventCurrencyPosition":"","_EventDateTimeSeparator":"","_EventTimeRangeSeparator":"","_EventOrganizerID":[],"_EventVenueID":[],"_OrganizerEmail":"","_OrganizerPhone":"","_OrganizerWebsite":"","_VenueAddress":"","_VenueCity":"","_VenueCountry":"","_VenueProvince":"","_VenueState":"","_VenueZip":"","_VenuePhone":"","_VenueURL":"","_VenueStateProvince":"","_VenueLat":"","_VenueLng":"","_VenueShowMap":false,"_VenueShowMapLink":false,"footnotes":""},"categories":[1],"tags":[],"class_list":["post-5554","post","type-post","status-publish","format-standard","has-post-thumbnail","hentry","category-actualitat"],"acf":[],"yoast_head":"<!-- This site is optimized with the Yoast SEO plugin v25.8 - https:\/\/yoast.com\/wordpress\/plugins\/seo\/ -->\n<title>UP Val\u00e8ncia repren les seues classes el dimarts 5 excepte en els centres de Castellar, La Torre i Forn d&#039;Alcedo - Universitat Popular<\/title>\n<meta name=\"robots\" content=\"index, follow, max-snippet:-1, max-image-preview:large, max-video-preview:-1\" \/>\n<link rel=\"canonical\" href=\"https:\/\/universitatpopular.com\/ca\/2024\/11\/04\/els-centres-up-castellar-la-torre-i-forn-dalcedo-no-podran-reprendre-les-seues-classes-fins-a-nou-avis\/\" \/>\n<meta property=\"og:locale\" content=\"ca_ES\" \/>\n<meta property=\"og:type\" content=\"article\" \/>\n<meta property=\"og:title\" content=\"UP Val\u00e8ncia repren les seues classes el dimarts 5 excepte en els centres de Castellar, La Torre i Forn d&#039;Alcedo - Universitat Popular\" \/>\n<meta property=\"og:description\" content=\"Tamb\u00e9 se suspenen fins a un altre av\u00eds 2 classes en diferents centres Els centres de la Universitat Popular de Val\u00e8ncia a Castellar, La Torre i Forn d&#039;Alcedo no podran [&hellip;]\" \/>\n<meta property=\"og:url\" content=\"https:\/\/universitatpopular.com\/ca\/2024\/11\/04\/els-centres-up-castellar-la-torre-i-forn-dalcedo-no-podran-reprendre-les-seues-classes-fins-a-nou-avis\/\" \/>\n<meta property=\"og:site_name\" content=\"Universitat Popular\" \/>\n<meta property=\"article:publisher\" content=\"https:\/\/www.facebook.com\/universitatpopularvalencia\/\" \/>\n<meta property=\"article:published_time\" content=\"2024-11-04T14:45:38+00:00\" \/>\n<meta property=\"article:modified_time\" content=\"2024-11-10T20:00:18+00:00\" \/>\n<meta property=\"og:image\" content=\"https:\/\/universitatpopular.com\/wp-content\/uploads\/2024\/11\/CENTROS-UP-CERRADOS-HASTA-NUEVO-AVISO-Post-de-Twitter-web.png\" \/>\n\t<meta property=\"og:image:width\" content=\"1600\" \/>\n\t<meta property=\"og:image:height\" content=\"900\" \/>\n\t<meta property=\"og:image:type\" content=\"image\/png\" \/>\n<meta name=\"author\" content=\"up_admin\" \/>\n<meta name=\"twitter:card\" content=\"summary_large_image\" \/>\n<meta name=\"twitter:creator\" content=\"@univ_po_pu_lar\" \/>\n<meta name=\"twitter:site\" content=\"@univ_po_pu_lar\" \/>\n<meta name=\"twitter:label1\" content=\"Escrit per\" \/>\n\t<meta name=\"twitter:data1\" content=\"up_admin\" \/>\n\t<meta name=\"twitter:label2\" content=\"Temps estimat de lectura\" \/>\n\t<meta name=\"twitter:data2\" content=\"1 minut\" \/>\n<script type=\"application\/ld+json\" class=\"yoast-schema-graph\">{\"@context\":\"https:\/\/schema.org\",\"@graph\":[{\"@type\":\"Article\",\"@id\":\"https:\/\/universitatpopular.com\/ca\/2024\/11\/04\/els-centres-up-castellar-la-torre-i-forn-dalcedo-no-podran-reprendre-les-seues-classes-fins-a-nou-avis\/#article\",\"isPartOf\":{\"@id\":\"https:\/\/universitatpopular.com\/ca\/2024\/11\/04\/els-centres-up-castellar-la-torre-i-forn-dalcedo-no-podran-reprendre-les-seues-classes-fins-a-nou-avis\/\"},\"author\":{\"name\":\"up_admin\",\"@id\":\"https:\/\/universitatpopular.com\/#\/schema\/person\/d3c71acd9b53f704d446f37ace9b1274\"},\"headline\":\"UP Val\u00e8ncia repren les seues classes el dimarts 5 excepte en els centres de Castellar, La Torre i Forn d'Alcedo\",\"datePublished\":\"2024-11-04T14:45:38+00:00\",\"dateModified\":\"2024-11-10T20:00:18+00:00\",\"mainEntityOfPage\":{\"@id\":\"https:\/\/universitatpopular.com\/ca\/2024\/11\/04\/els-centres-up-castellar-la-torre-i-forn-dalcedo-no-podran-reprendre-les-seues-classes-fins-a-nou-avis\/\"},\"wordCount\":165,\"commentCount\":0,\"publisher\":{\"@id\":\"https:\/\/universitatpopular.com\/#organization\"},\"image\":{\"@id\":\"https:\/\/universitatpopular.com\/ca\/2024\/11\/04\/els-centres-up-castellar-la-torre-i-forn-dalcedo-no-podran-reprendre-les-seues-classes-fins-a-nou-avis\/#primaryimage\"},\"thumbnailUrl\":\"https:\/\/universitatpopular.com\/wp-content\/uploads\/2024\/11\/CENTROS-UP-CERRADOS-HASTA-NUEVO-AVISO-Post-de-Twitter-web.png\",\"articleSection\":[\"Actualitat\"],\"inLanguage\":\"ca\",\"potentialAction\":[{\"@type\":\"CommentAction\",\"name\":\"Comment\",\"target\":[\"https:\/\/universitatpopular.com\/ca\/2024\/11\/04\/els-centres-up-castellar-la-torre-i-forn-dalcedo-no-podran-reprendre-les-seues-classes-fins-a-nou-avis\/#respond\"]}]},{\"@type\":\"WebPage\",\"@id\":\"https:\/\/universitatpopular.com\/ca\/2024\/11\/04\/els-centres-up-castellar-la-torre-i-forn-dalcedo-no-podran-reprendre-les-seues-classes-fins-a-nou-avis\/\",\"url\":\"https:\/\/universitatpopular.com\/ca\/2024\/11\/04\/els-centres-up-castellar-la-torre-i-forn-dalcedo-no-podran-reprendre-les-seues-classes-fins-a-nou-avis\/\",\"name\":\"UP Val\u00e8ncia repren les seues classes el dimarts 5 excepte en els centres de Castellar, La Torre i Forn d'Alcedo - Universitat Popular\",\"isPartOf\":{\"@id\":\"https:\/\/universitatpopular.com\/#website\"},\"primaryImageOfPage\":{\"@id\":\"https:\/\/universitatpopular.com\/ca\/2024\/11\/04\/els-centres-up-castellar-la-torre-i-forn-dalcedo-no-podran-reprendre-les-seues-classes-fins-a-nou-avis\/#primaryimage\"},\"image\":{\"@id\":\"https:\/\/universitatpopular.com\/ca\/2024\/11\/04\/els-centres-up-castellar-la-torre-i-forn-dalcedo-no-podran-reprendre-les-seues-classes-fins-a-nou-avis\/#primaryimage\"},\"thumbnailUrl\":\"https:\/\/universitatpopular.com\/wp-content\/uploads\/2024\/11\/CENTROS-UP-CERRADOS-HASTA-NUEVO-AVISO-Post-de-Twitter-web.png\",\"datePublished\":\"2024-11-04T14:45:38+00:00\",\"dateModified\":\"2024-11-10T20:00:18+00:00\",\"breadcrumb\":{\"@id\":\"https:\/\/universitatpopular.com\/ca\/2024\/11\/04\/els-centres-up-castellar-la-torre-i-forn-dalcedo-no-podran-reprendre-les-seues-classes-fins-a-nou-avis\/#breadcrumb\"},\"inLanguage\":\"ca\",\"potentialAction\":[{\"@type\":\"ReadAction\",\"target\":[\"https:\/\/universitatpopular.com\/ca\/2024\/11\/04\/els-centres-up-castellar-la-torre-i-forn-dalcedo-no-podran-reprendre-les-seues-classes-fins-a-nou-avis\/\"]}]},{\"@type\":\"ImageObject\",\"inLanguage\":\"ca\",\"@id\":\"https:\/\/universitatpopular.com\/ca\/2024\/11\/04\/els-centres-up-castellar-la-torre-i-forn-dalcedo-no-podran-reprendre-les-seues-classes-fins-a-nou-avis\/#primaryimage\",\"url\":\"https:\/\/universitatpopular.com\/wp-content\/uploads\/2024\/11\/CENTROS-UP-CERRADOS-HASTA-NUEVO-AVISO-Post-de-Twitter-web.png\",\"contentUrl\":\"https:\/\/universitatpopular.com\/wp-content\/uploads\/2024\/11\/CENTROS-UP-CERRADOS-HASTA-NUEVO-AVISO-Post-de-Twitter-web.png\",\"width\":1600,\"height\":900},{\"@type\":\"BreadcrumbList\",\"@id\":\"https:\/\/universitatpopular.com\/ca\/2024\/11\/04\/els-centres-up-castellar-la-torre-i-forn-dalcedo-no-podran-reprendre-les-seues-classes-fins-a-nou-avis\/#breadcrumb\",\"itemListElement\":[{\"@type\":\"ListItem\",\"position\":1,\"name\":\"Portada\",\"item\":\"https:\/\/universitatpopular.com\/ca\/portada\/\"},{\"@type\":\"ListItem\",\"position\":2,\"name\":\"UP Val\u00e8ncia repren les seues classes el dimarts 5 excepte en els centres de Castellar, La Torre i Forn d'Alcedo\"}]},{\"@type\":\"WebSite\",\"@id\":\"https:\/\/universitatpopular.com\/#website\",\"url\":\"https:\/\/universitatpopular.com\/\",\"name\":\"Universitat Popular\",\"description\":\"Web de la Universitat Popular de l&#039;Ajuntament de Val\u00e8ncia\",\"publisher\":{\"@id\":\"https:\/\/universitatpopular.com\/#organization\"},\"potentialAction\":[{\"@type\":\"SearchAction\",\"target\":{\"@type\":\"EntryPoint\",\"urlTemplate\":\"https:\/\/universitatpopular.com\/?s={search_term_string}\"},\"query-input\":{\"@type\":\"PropertyValueSpecification\",\"valueRequired\":true,\"valueName\":\"search_term_string\"}}],\"inLanguage\":\"ca\"},{\"@type\":\"Organization\",\"@id\":\"https:\/\/universitatpopular.com\/#organization\",\"name\":\"Universitat Popular\",\"url\":\"https:\/\/universitatpopular.com\/\",\"logo\":{\"@type\":\"ImageObject\",\"inLanguage\":\"ca\",\"@id\":\"https:\/\/universitatpopular.com\/#\/schema\/logo\/image\/\",\"url\":\"https:\/\/universitatpopular.com\/wp-content\/uploads\/2024\/04\/logo-universitat-popular-de-valencia_vertical.svg\",\"contentUrl\":\"https:\/\/universitatpopular.com\/wp-content\/uploads\/2024\/04\/logo-universitat-popular-de-valencia_vertical.svg\",\"width\":190.15,\"height\":124.13,\"caption\":\"Universitat Popular\"},\"image\":{\"@id\":\"https:\/\/universitatpopular.com\/#\/schema\/logo\/image\/\"},\"sameAs\":[\"https:\/\/www.facebook.com\/universitatpopularvalencia\/\",\"https:\/\/x.com\/univ_po_pu_lar\",\"https:\/\/www.instagram.com\/universitatpopularvlc\/\",\"https:\/\/www.youtube.com\/channel\/UC6MyVEiz44QUeMvO8K3ofwA\"]},{\"@type\":\"Person\",\"@id\":\"https:\/\/universitatpopular.com\/#\/schema\/person\/d3c71acd9b53f704d446f37ace9b1274\",\"name\":\"up_admin\",\"sameAs\":[\"https:\/\/universitatpopular.com\"],\"url\":\"https:\/\/universitatpopular.com\/ca\/author\/up_admin\/\"}]}<\/script>\n<!-- \/ Yoast SEO plugin. -->","yoast_head_json":{"title":"UP Val\u00e8ncia repren les seues classes el dimarts 5 excepte en els centres de Castellar, La Torre i Forn d'Alcedo - Universitat Popular","robots":{"index":"index","follow":"follow","max-snippet":"max-snippet:-1","max-image-preview":"max-image-preview:large","max-video-preview":"max-video-preview:-1"},"canonical":"https:\/\/universitatpopular.com\/ca\/2024\/11\/04\/els-centres-up-castellar-la-torre-i-forn-dalcedo-no-podran-reprendre-les-seues-classes-fins-a-nou-avis\/","og_locale":"ca_ES","og_type":"article","og_title":"UP Val\u00e8ncia repren les seues classes el dimarts 5 excepte en els centres de Castellar, La Torre i Forn d'Alcedo - Universitat Popular","og_description":"Tamb\u00e9 se suspenen fins a un altre av\u00eds 2 classes en diferents centres Els centres de la Universitat Popular de Val\u00e8ncia a Castellar, La Torre i Forn d'Alcedo no podran [&hellip;]","og_url":"https:\/\/universitatpopular.com\/ca\/2024\/11\/04\/els-centres-up-castellar-la-torre-i-forn-dalcedo-no-podran-reprendre-les-seues-classes-fins-a-nou-avis\/","og_site_name":"Universitat Popular","article_publisher":"https:\/\/www.facebook.com\/universitatpopularvalencia\/","article_published_time":"2024-11-04T14:45:38+00:00","article_modified_time":"2024-11-10T20:00:18+00:00","og_image":[{"width":1600,"height":900,"url":"https:\/\/universitatpopular.com\/wp-content\/uploads\/2024\/11\/CENTROS-UP-CERRADOS-HASTA-NUEVO-AVISO-Post-de-Twitter-web.png","type":"image\/png"}],"author":"up_admin","twitter_card":"summary_large_image","twitter_creator":"@univ_po_pu_lar","twitter_site":"@univ_po_pu_lar","twitter_misc":{"Escrit per":"up_admin","Temps estimat de lectura":"1 minut"},"schema":{"@context":"https:\/\/schema.org","@graph":[{"@type":"Article","@id":"https:\/\/universitatpopular.com\/ca\/2024\/11\/04\/els-centres-up-castellar-la-torre-i-forn-dalcedo-no-podran-reprendre-les-seues-classes-fins-a-nou-avis\/#article","isPartOf":{"@id":"https:\/\/universitatpopular.com\/ca\/2024\/11\/04\/els-centres-up-castellar-la-torre-i-forn-dalcedo-no-podran-reprendre-les-seues-classes-fins-a-nou-avis\/"},"author":{"name":"up_admin","@id":"https:\/\/universitatpopular.com\/#\/schema\/person\/d3c71acd9b53f704d446f37ace9b1274"},"headline":"UP Val\u00e8ncia repren les seues classes el dimarts 5 excepte en els centres de Castellar, La Torre i Forn d'Alcedo","datePublished":"2024-11-04T14:45:38+00:00","dateModified":"2024-11-10T20:00:18+00:00","mainEntityOfPage":{"@id":"https:\/\/universitatpopular.com\/ca\/2024\/11\/04\/els-centres-up-castellar-la-torre-i-forn-dalcedo-no-podran-reprendre-les-seues-classes-fins-a-nou-avis\/"},"wordCount":165,"commentCount":0,"publisher":{"@id":"https:\/\/universitatpopular.com\/#organization"},"image":{"@id":"https:\/\/universitatpopular.com\/ca\/2024\/11\/04\/els-centres-up-castellar-la-torre-i-forn-dalcedo-no-podran-reprendre-les-seues-classes-fins-a-nou-avis\/#primaryimage"},"thumbnailUrl":"https:\/\/universitatpopular.com\/wp-content\/uploads\/2024\/11\/CENTROS-UP-CERRADOS-HASTA-NUEVO-AVISO-Post-de-Twitter-web.png","articleSection":["Actualitat"],"inLanguage":"ca","potentialAction":[{"@type":"CommentAction","name":"Comment","target":["https:\/\/universitatpopular.com\/ca\/2024\/11\/04\/els-centres-up-castellar-la-torre-i-forn-dalcedo-no-podran-reprendre-les-seues-classes-fins-a-nou-avis\/#respond"]}]},{"@type":"WebPage","@id":"https:\/\/universitatpopular.com\/ca\/2024\/11\/04\/els-centres-up-castellar-la-torre-i-forn-dalcedo-no-podran-reprendre-les-seues-classes-fins-a-nou-avis\/","url":"https:\/\/universitatpopular.com\/ca\/2024\/11\/04\/els-centres-up-castellar-la-torre-i-forn-dalcedo-no-podran-reprendre-les-seues-classes-fins-a-nou-avis\/","name":"UP Val\u00e8ncia repren les seues classes el dimarts 5 excepte en els centres de Castellar, La Torre i Forn d'Alcedo - Universitat Popular","isPartOf":{"@id":"https:\/\/universitatpopular.com\/#website"},"primaryImageOfPage":{"@id":"https:\/\/universitatpopular.com\/ca\/2024\/11\/04\/els-centres-up-castellar-la-torre-i-forn-dalcedo-no-podran-reprendre-les-seues-classes-fins-a-nou-avis\/#primaryimage"},"image":{"@id":"https:\/\/universitatpopular.com\/ca\/2024\/11\/04\/els-centres-up-castellar-la-torre-i-forn-dalcedo-no-podran-reprendre-les-seues-classes-fins-a-nou-avis\/#primaryimage"},"thumbnailUrl":"https:\/\/universitatpopular.com\/wp-content\/uploads\/2024\/11\/CENTROS-UP-CERRADOS-HASTA-NUEVO-AVISO-Post-de-Twitter-web.png","datePublished":"2024-11-04T14:45:38+00:00","dateModified":"2024-11-10T20:00:18+00:00","breadcrumb":{"@id":"https:\/\/universitatpopular.com\/ca\/2024\/11\/04\/els-centres-up-castellar-la-torre-i-forn-dalcedo-no-podran-reprendre-les-seues-classes-fins-a-nou-avis\/#breadcrumb"},"inLanguage":"ca","potentialAction":[{"@type":"ReadAction","target":["https:\/\/universitatpopular.com\/ca\/2024\/11\/04\/els-centres-up-castellar-la-torre-i-forn-dalcedo-no-podran-reprendre-les-seues-classes-fins-a-nou-avis\/"]}]},{"@type":"ImageObject","inLanguage":"ca","@id":"https:\/\/universitatpopular.com\/ca\/2024\/11\/04\/els-centres-up-castellar-la-torre-i-forn-dalcedo-no-podran-reprendre-les-seues-classes-fins-a-nou-avis\/#primaryimage","url":"https:\/\/universitatpopular.com\/wp-content\/uploads\/2024\/11\/CENTROS-UP-CERRADOS-HASTA-NUEVO-AVISO-Post-de-Twitter-web.png","contentUrl":"https:\/\/universitatpopular.com\/wp-content\/uploads\/2024\/11\/CENTROS-UP-CERRADOS-HASTA-NUEVO-AVISO-Post-de-Twitter-web.png","width":1600,"height":900},{"@type":"BreadcrumbList","@id":"https:\/\/universitatpopular.com\/ca\/2024\/11\/04\/els-centres-up-castellar-la-torre-i-forn-dalcedo-no-podran-reprendre-les-seues-classes-fins-a-nou-avis\/#breadcrumb","itemListElement":[{"@type":"ListItem","position":1,"name":"Portada","item":"https:\/\/universitatpopular.com\/ca\/portada\/"},{"@type":"ListItem","position":2,"name":"UP Val\u00e8ncia repren les seues classes el dimarts 5 excepte en els centres de Castellar, La Torre i Forn d'Alcedo"}]},{"@type":"WebSite","@id":"https:\/\/universitatpopular.com\/#website","url":"https:\/\/universitatpopular.com\/","name":"Universitat Popular","description":"Web de la Universitat Popular de l&#039;Ajuntament de Val\u00e8ncia","publisher":{"@id":"https:\/\/universitatpopular.com\/#organization"},"potentialAction":[{"@type":"SearchAction","target":{"@type":"EntryPoint","urlTemplate":"https:\/\/universitatpopular.com\/?s={search_term_string}"},"query-input":{"@type":"PropertyValueSpecification","valueRequired":true,"valueName":"search_term_string"}}],"inLanguage":"ca"},{"@type":"Organization","@id":"https:\/\/universitatpopular.com\/#organization","name":"Universitat Popular","url":"https:\/\/universitatpopular.com\/","logo":{"@type":"ImageObject","inLanguage":"ca","@id":"https:\/\/universitatpopular.com\/#\/schema\/logo\/image\/","url":"https:\/\/universitatpopular.com\/wp-content\/uploads\/2024\/04\/logo-universitat-popular-de-valencia_vertical.svg","contentUrl":"https:\/\/universitatpopular.com\/wp-content\/uploads\/2024\/04\/logo-universitat-popular-de-valencia_vertical.svg","width":190.15,"height":124.13,"caption":"Universitat Popular"},"image":{"@id":"https:\/\/universitatpopular.com\/#\/schema\/logo\/image\/"},"sameAs":["https:\/\/www.facebook.com\/universitatpopularvalencia\/","https:\/\/x.com\/univ_po_pu_lar","https:\/\/www.instagram.com\/universitatpopularvlc\/","https:\/\/www.youtube.com\/channel\/UC6MyVEiz44QUeMvO8K3ofwA"]},{"@type":"Person","@id":"https:\/\/universitatpopular.com\/#\/schema\/person\/d3c71acd9b53f704d446f37ace9b1274","name":"up_admin","sameAs":["https:\/\/universitatpopular.com"],"url":"https:\/\/universitatpopular.com\/ca\/author\/up_admin\/"}]}},"_links":{"self":[{"href":"https:\/\/universitatpopular.com\/ca\/wp-json\/wp\/v2\/posts\/5554","targetHints":{"allow":["GET"]}}],"collection":[{"href":"https:\/\/universitatpopular.com\/ca\/wp-json\/wp\/v2\/posts"}],"about":[{"href":"https:\/\/universitatpopular.com\/ca\/wp-json\/wp\/v2\/types\/post"}],"author":[{"embeddable":true,"href":"https:\/\/universitatpopular.com\/ca\/wp-json\/wp\/v2\/users\/1"}],"replies":[{"embeddable":true,"href":"https:\/\/universitatpopular.com\/ca\/wp-json\/wp\/v2\/comments?post=5554"}],"version-history":[{"count":16,"href":"https:\/\/universitatpopular.com\/ca\/wp-json\/wp\/v2\/posts\/5554\/revisions"}],"predecessor-version":[{"id":5737,"href":"https:\/\/universitatpopular.com\/ca\/wp-json\/wp\/v2\/posts\/5554\/revisions\/5737"}],"wp:featuredmedia":[{"embeddable":true,"href":"https:\/\/universitatpopular.com\/ca\/wp-json\/wp\/v2\/media\/5561"}],"wp:attachment":[{"href":"https:\/\/universitatpopular.com\/ca\/wp-json\/wp\/v2\/media?parent=5554"}],"wp:term":[{"taxonomy":"category","embeddable":true,"href":"https:\/\/universitatpopular.com\/ca\/wp-json\/wp\/v2\/categories?post=5554"},{"taxonomy":"post_tag","embeddable":true,"href":"https:\/\/universitatpopular.com\/ca\/wp-json\/wp\/v2\/tags?post=5554"}],"curies":[{"name":"wp","href":"https:\/\/api.w.org\/{rel}","templated":true}]}}