{"id":6956,"date":"2025-01-14T11:43:45","date_gmt":"2025-01-14T10:43:45","guid":{"rendered":"https:\/\/universitatpopular.com\/2025\/01\/14\/la-universitat-popular-del-forn-dalcedo-repren-activitats-despres-de-la-riuada\/"},"modified":"2025-01-14T12:15:12","modified_gmt":"2025-01-14T11:15:12","slug":"la-universitat-popular-del-forn-dalcedo-repren-activitats-despres-de-la-riuada","status":"publish","type":"post","link":"https:\/\/universitatpopular.com\/ca\/2025\/01\/14\/la-universitat-popular-del-forn-dalcedo-repren-activitats-despres-de-la-riuada\/","title":{"rendered":"La Universitat Popular del Forn d\u2019Alcedo repr\u00e9n activitats despr\u00e9s de la riuada"},"content":{"rendered":"\n<ul class=\"wp-block-list\">\n<li><ul>&#13;\n \t<li><strong>Les classes dels centres de La Torre i el Forn d\u2019Alcedo van ser despla\u00e7ades a altres quatre centres per a evitar que les persones matriculades perderen sessions<\/strong><\/li>&#13;\n<\/ul><\/li>\n<\/ul>\n\n<ul class=\"wp-block-list\">\n<li><ul>&#13;\n \t<li><strong>El regidor Gos\u00e1lbez ha destacat que, dels 3 centres afectats per la riuada, el de Castellar-l\u2019Oliveral es va reobrir a principis de desembre<\/strong><\/li>&#13;\n<\/ul><\/li>\n<\/ul>\n\n<ul class=\"wp-block-list\">\n<li><ul>&#13;\n \t<li><strong>En el Forn d\u2019Alcedo es reanundan esta setmana les classes de Balls de sal\u00f3 i Balls en l\u00ednia<\/strong><\/li>&#13;\n<\/ul><\/li>\n<\/ul>\n\n<figure class=\"wp-block-image size-large\"><img loading=\"lazy\" decoding=\"async\" width=\"1024\" height=\"461\" src=\"https:\/\/universitatpopular.com\/wp-content\/uploads\/2025\/01\/0114-Gosalbez-visita-centres-UP-pedanies-Sud-1-1-1024x461.jpeg\" alt=\"\" class=\"wp-image-6961\" srcset=\"https:\/\/universitatpopular.com\/wp-content\/uploads\/2025\/01\/0114-Gosalbez-visita-centres-UP-pedanies-Sud-1-1-1024x461.jpeg 1024w, https:\/\/universitatpopular.com\/wp-content\/uploads\/2025\/01\/0114-Gosalbez-visita-centres-UP-pedanies-Sud-1-1-300x135.jpeg 300w, https:\/\/universitatpopular.com\/wp-content\/uploads\/2025\/01\/0114-Gosalbez-visita-centres-UP-pedanies-Sud-1-1-768x346.jpeg 768w, https:\/\/universitatpopular.com\/wp-content\/uploads\/2025\/01\/0114-Gosalbez-visita-centres-UP-pedanies-Sud-1-1-50x23.jpeg 50w, https:\/\/universitatpopular.com\/wp-content\/uploads\/2025\/01\/0114-Gosalbez-visita-centres-UP-pedanies-Sud-1-1-1536x691.jpeg 1536w, https:\/\/universitatpopular.com\/wp-content\/uploads\/2025\/01\/0114-Gosalbez-visita-centres-UP-pedanies-Sud-1-1.jpeg 1600w\" sizes=\"auto, (max-width: 1024px) 100vw, 1024px\" \/><\/figure>\n\n<p>La Universitat Popular del Forn d\u2019Alcedo reobri les instal\u00b7lacions despr\u00e9s de la riuada i repr\u00e9n les classes de Balls de sal\u00f3 i de Balls en l\u00ednia en el seu local habitual, despr\u00e9s d'un per\u00edode en el qual va caldre despla\u00e7ar les activitats a altres centres pr\u00f2xims de la UP per les afeccions de la riuada. <\/p>\n\n<p>El regidor de Majors i president del Consell Rector de la Universitat Popular, Jos\u00e9 Gos\u00e1lbez, ha explicat que \u201cprogressivament retornem la normalitat al servici, de manera que els alumnes puguen accedir a les classes com a l'inici de curs\u201d. \u201cDels nostres tres centres afectats per la riuada \u2013ha assenyalat l'edil- el centre de Castellar-l\u2019Oliveral es va obrir de nou a principis de desembre, i les classes de La Torre i el Forn d\u2019Alcedo van ser despla\u00e7ades a altres centres per a evitar que les persones matriculades perderen sessions\u201d. <\/p>\n\n<p>El regidor ha agra\u00eft a les persones afectades \u201cla seua comprensi\u00f3, especialment en moments en els quals necessiten recuperar les rutines\u201d; \u201ci a les alcaldies ped\u00e0nies, la seua estreta col\u00b7laboraci\u00f3 per a agilitzar al m\u00e0xim la tornada a la normalitat dels nostres centres. Durant el per\u00edode en qu\u00e8 no va ser possible reprendre les classes, els centres UP han oferit un contacte directe i personalitzat amb els alumnes, especialment aquells de major edat i aquells que viuen sols, ha valorat Gos\u00e1lbez.<\/p>\n\n<p><strong>Centres log\u00edstics i d'atenci\u00f3<\/strong><\/p>\n\n<p>En paraules del delegat de Majors \u201cels locals de la Universitat Popular en les pedanies del sud han sigut clave com a centres log\u00edstics i d'atenci\u00f3 a les necessitats d'emerg\u00e8ncia dels ve\u00efns afectats\u201d.<\/p>\n\n<p>Fins a este moment, l'alumnat dels centres del Forn d\u2019Alcedo i de la Torre han pogut seguir les classes als centres de Castellar-l\u2019Oliveral, Pinedo i Jes\u00fas, els espais dels quals han actuat com a centres d'acolliment, mentres s'avan\u00e7ava la reconstrucci\u00f3 dels centres afectats per la riuada<\/p>\n\n<p>El centre UP Pinedo acull temporalment els grups d'inform\u00e0tica de la Torre, mentres que el centre UP Jes\u00fas rep els alumnes de les classes de Balls i Estimulaci\u00f3 cognitiva de la Torre, en l\u2019horari habitual. El centre UP Castellar-l\u2019Oliveral, a m\u00e9s d'oferir la programaci\u00f3 habitual, ha acollit tamb\u00e9 l'alumnat de totes les activitats del Forn d\u2019Alcedo i el d'Ingl\u00e9s d'UP la Torre.<\/p>\n\n<p>A partir d'esta setmana, el centre del Forn d\u2019Alcedo, amb prop de 60 matr\u00edcules, repr\u00e9n les classes de Balls de sal\u00f3 i de Balls en l\u00ednia, els dilluns i dimecres de vesprada, en el seu local del carrer Guadalquivir, 17. A m\u00e9s, est\u00e0 previst que pr\u00f2ximament es reprenguen tamb\u00e9 les activitats d'Angl\u00e9s per a viatjar i Angl\u00e9s conversa en este mateix centre, aix\u00ed com que les activitats de la Torre tornen a les aules habituals en esta pedania.<\/p>\n\n<p>Al voltant de 400 persones matriculades al Forn d\u2019Alcedo, Castellar-l\u2019Oliveral i la Torre es van veure afectades en relaci\u00f3 a les classes a causa dels danys ocasionats per la riuada. El centre UP Castellar-l'Oliveral, amb 150 estudiants, compte en la programaci\u00f3 amb les activitats d'Angl\u00e9s per a viatjar, Angl\u00e9s conversa, Ingl\u00e9s b\u00e0sic-iniciaci\u00f3, Balls en l\u00ednia i llatins, Pintura i dibuix, Artesania, Estimulaci\u00f3 cognitiva i Formaci\u00f3 b\u00e0sica. Per la seua banda, el centre UP la Torre, amb 158 participants matriculats inclou este curs les activitats d'Inform\u00e0tica, Formaci\u00f3 b\u00e0sica, Artesania, Balls en l\u00ednia i llatins, Ingl\u00e9s, Estimulaci\u00f3 cognitiva i Pintura i dibuix.<\/p>\n","protected":false},"excerpt":{"rendered":"<p>La Universitat Popular del Forn d\u2019Alcedo reobri les instal\u00b7lacions despr\u00e9s de la riuada i repr\u00e9n les classes de Balls de sal\u00f3 i de Balls en l\u00ednia en el seu local [&hellip;]<\/p>\n","protected":false},"author":1,"featured_media":6953,"comment_status":"open","ping_status":"open","sticky":false,"template":"","format":"standard","meta":{"_acf_changed":false,"_EventAllDay":false,"_EventTimezone":"","_EventStartDate":"","_EventEndDate":"","_EventStartDateUTC":"","_EventEndDateUTC":"","_EventShowMap":false,"_EventShowMapLink":false,"_EventURL":"","_EventCost":"","_EventCostDescription":"","_EventCurrencySymbol":"","_EventCurrencyCode":"","_EventCurrencyPosition":"","_EventDateTimeSeparator":"","_EventTimeRangeSeparator":"","_EventOrganizerID":[],"_EventVenueID":[],"_OrganizerEmail":"","_OrganizerPhone":"","_OrganizerWebsite":"","_VenueAddress":"","_VenueCity":"","_VenueCountry":"","_VenueProvince":"","_VenueState":"","_VenueZip":"","_VenuePhone":"","_VenueURL":"","_VenueStateProvince":"","_VenueLat":"","_VenueLng":"","_VenueShowMap":false,"_VenueShowMapLink":false,"footnotes":""},"categories":[1],"tags":[],"class_list":["post-6956","post","type-post","status-publish","format-standard","has-post-thumbnail","hentry","category-actualitat"],"acf":[],"yoast_head":"<!-- This site is optimized with the Yoast SEO plugin v25.8 - https:\/\/yoast.com\/wordpress\/plugins\/seo\/ -->\n<title>La Universitat Popular del Forn d\u2019Alcedo repr\u00e9n activitats despr\u00e9s de la riuada - Universitat Popular<\/title>\n<meta name=\"robots\" content=\"index, follow, max-snippet:-1, max-image-preview:large, max-video-preview:-1\" \/>\n<link rel=\"canonical\" href=\"https:\/\/universitatpopular.com\/ca\/2025\/01\/14\/la-universitat-popular-del-forn-dalcedo-repren-activitats-despres-de-la-riuada\/\" \/>\n<meta property=\"og:locale\" content=\"ca_ES\" \/>\n<meta property=\"og:type\" content=\"article\" \/>\n<meta property=\"og:title\" content=\"La Universitat Popular del Forn d\u2019Alcedo repr\u00e9n activitats despr\u00e9s de la riuada - Universitat Popular\" \/>\n<meta property=\"og:description\" content=\"La Universitat Popular del Forn d\u2019Alcedo reobri les instal\u00b7lacions despr\u00e9s de la riuada i repr\u00e9n les classes de Balls de sal\u00f3 i de Balls en l\u00ednia en el seu local [&hellip;]\" \/>\n<meta property=\"og:url\" content=\"https:\/\/universitatpopular.com\/ca\/2025\/01\/14\/la-universitat-popular-del-forn-dalcedo-repren-activitats-despres-de-la-riuada\/\" \/>\n<meta property=\"og:site_name\" content=\"Universitat Popular\" \/>\n<meta property=\"article:publisher\" content=\"https:\/\/www.facebook.com\/universitatpopularvalencia\/\" \/>\n<meta property=\"article:published_time\" content=\"2025-01-14T10:43:45+00:00\" \/>\n<meta property=\"article:modified_time\" content=\"2025-01-14T11:15:12+00:00\" \/>\n<meta property=\"og:image\" content=\"https:\/\/universitatpopular.com\/wp-content\/uploads\/2025\/01\/WhatsApp-Image-2025-01-13-at-12.42.36.jpeg\" \/>\n\t<meta property=\"og:image:width\" content=\"1600\" \/>\n\t<meta property=\"og:image:height\" content=\"900\" \/>\n\t<meta property=\"og:image:type\" content=\"image\/jpeg\" \/>\n<meta name=\"author\" content=\"up_admin\" \/>\n<meta name=\"twitter:card\" content=\"summary_large_image\" \/>\n<meta name=\"twitter:creator\" content=\"@univ_po_pu_lar\" \/>\n<meta name=\"twitter:site\" content=\"@univ_po_pu_lar\" \/>\n<meta name=\"twitter:label1\" content=\"Escrit per\" \/>\n\t<meta name=\"twitter:data1\" content=\"up_admin\" \/>\n\t<meta name=\"twitter:label2\" content=\"Temps estimat de lectura\" \/>\n\t<meta name=\"twitter:data2\" content=\"3 minuts\" \/>\n<script type=\"application\/ld+json\" class=\"yoast-schema-graph\">{\"@context\":\"https:\/\/schema.org\",\"@graph\":[{\"@type\":\"Article\",\"@id\":\"https:\/\/universitatpopular.com\/ca\/2025\/01\/14\/la-universitat-popular-del-forn-dalcedo-repren-activitats-despres-de-la-riuada\/#article\",\"isPartOf\":{\"@id\":\"https:\/\/universitatpopular.com\/ca\/2025\/01\/14\/la-universitat-popular-del-forn-dalcedo-repren-activitats-despres-de-la-riuada\/\"},\"author\":{\"name\":\"up_admin\",\"@id\":\"https:\/\/universitatpopular.com\/#\/schema\/person\/d3c71acd9b53f704d446f37ace9b1274\"},\"headline\":\"La Universitat Popular del Forn d\u2019Alcedo repr\u00e9n activitats despr\u00e9s de la riuada\",\"datePublished\":\"2025-01-14T10:43:45+00:00\",\"dateModified\":\"2025-01-14T11:15:12+00:00\",\"mainEntityOfPage\":{\"@id\":\"https:\/\/universitatpopular.com\/ca\/2025\/01\/14\/la-universitat-popular-del-forn-dalcedo-repren-activitats-despres-de-la-riuada\/\"},\"wordCount\":703,\"commentCount\":0,\"publisher\":{\"@id\":\"https:\/\/universitatpopular.com\/#organization\"},\"image\":{\"@id\":\"https:\/\/universitatpopular.com\/ca\/2025\/01\/14\/la-universitat-popular-del-forn-dalcedo-repren-activitats-despres-de-la-riuada\/#primaryimage\"},\"thumbnailUrl\":\"https:\/\/universitatpopular.com\/wp-content\/uploads\/2025\/01\/WhatsApp-Image-2025-01-13-at-12.42.36.jpeg\",\"articleSection\":[\"Actualitat\"],\"inLanguage\":\"ca\",\"potentialAction\":[{\"@type\":\"CommentAction\",\"name\":\"Comment\",\"target\":[\"https:\/\/universitatpopular.com\/ca\/2025\/01\/14\/la-universitat-popular-del-forn-dalcedo-repren-activitats-despres-de-la-riuada\/#respond\"]}]},{\"@type\":\"WebPage\",\"@id\":\"https:\/\/universitatpopular.com\/ca\/2025\/01\/14\/la-universitat-popular-del-forn-dalcedo-repren-activitats-despres-de-la-riuada\/\",\"url\":\"https:\/\/universitatpopular.com\/ca\/2025\/01\/14\/la-universitat-popular-del-forn-dalcedo-repren-activitats-despres-de-la-riuada\/\",\"name\":\"La Universitat Popular del Forn d\u2019Alcedo repr\u00e9n activitats despr\u00e9s de la riuada - Universitat Popular\",\"isPartOf\":{\"@id\":\"https:\/\/universitatpopular.com\/#website\"},\"primaryImageOfPage\":{\"@id\":\"https:\/\/universitatpopular.com\/ca\/2025\/01\/14\/la-universitat-popular-del-forn-dalcedo-repren-activitats-despres-de-la-riuada\/#primaryimage\"},\"image\":{\"@id\":\"https:\/\/universitatpopular.com\/ca\/2025\/01\/14\/la-universitat-popular-del-forn-dalcedo-repren-activitats-despres-de-la-riuada\/#primaryimage\"},\"thumbnailUrl\":\"https:\/\/universitatpopular.com\/wp-content\/uploads\/2025\/01\/WhatsApp-Image-2025-01-13-at-12.42.36.jpeg\",\"datePublished\":\"2025-01-14T10:43:45+00:00\",\"dateModified\":\"2025-01-14T11:15:12+00:00\",\"breadcrumb\":{\"@id\":\"https:\/\/universitatpopular.com\/ca\/2025\/01\/14\/la-universitat-popular-del-forn-dalcedo-repren-activitats-despres-de-la-riuada\/#breadcrumb\"},\"inLanguage\":\"ca\",\"potentialAction\":[{\"@type\":\"ReadAction\",\"target\":[\"https:\/\/universitatpopular.com\/ca\/2025\/01\/14\/la-universitat-popular-del-forn-dalcedo-repren-activitats-despres-de-la-riuada\/\"]}]},{\"@type\":\"ImageObject\",\"inLanguage\":\"ca\",\"@id\":\"https:\/\/universitatpopular.com\/ca\/2025\/01\/14\/la-universitat-popular-del-forn-dalcedo-repren-activitats-despres-de-la-riuada\/#primaryimage\",\"url\":\"https:\/\/universitatpopular.com\/wp-content\/uploads\/2025\/01\/WhatsApp-Image-2025-01-13-at-12.42.36.jpeg\",\"contentUrl\":\"https:\/\/universitatpopular.com\/wp-content\/uploads\/2025\/01\/WhatsApp-Image-2025-01-13-at-12.42.36.jpeg\",\"width\":1600,\"height\":900},{\"@type\":\"BreadcrumbList\",\"@id\":\"https:\/\/universitatpopular.com\/ca\/2025\/01\/14\/la-universitat-popular-del-forn-dalcedo-repren-activitats-despres-de-la-riuada\/#breadcrumb\",\"itemListElement\":[{\"@type\":\"ListItem\",\"position\":1,\"name\":\"Portada\",\"item\":\"https:\/\/universitatpopular.com\/ca\/portada\/\"},{\"@type\":\"ListItem\",\"position\":2,\"name\":\"La Universitat Popular del Forn d\u2019Alcedo repr\u00e9n activitats despr\u00e9s de la riuada\"}]},{\"@type\":\"WebSite\",\"@id\":\"https:\/\/universitatpopular.com\/#website\",\"url\":\"https:\/\/universitatpopular.com\/\",\"name\":\"Universitat Popular\",\"description\":\"Web de la Universitat Popular de l&#039;Ajuntament de Val\u00e8ncia\",\"publisher\":{\"@id\":\"https:\/\/universitatpopular.com\/#organization\"},\"potentialAction\":[{\"@type\":\"SearchAction\",\"target\":{\"@type\":\"EntryPoint\",\"urlTemplate\":\"https:\/\/universitatpopular.com\/?s={search_term_string}\"},\"query-input\":{\"@type\":\"PropertyValueSpecification\",\"valueRequired\":true,\"valueName\":\"search_term_string\"}}],\"inLanguage\":\"ca\"},{\"@type\":\"Organization\",\"@id\":\"https:\/\/universitatpopular.com\/#organization\",\"name\":\"Universitat Popular\",\"url\":\"https:\/\/universitatpopular.com\/\",\"logo\":{\"@type\":\"ImageObject\",\"inLanguage\":\"ca\",\"@id\":\"https:\/\/universitatpopular.com\/#\/schema\/logo\/image\/\",\"url\":\"https:\/\/universitatpopular.com\/wp-content\/uploads\/2024\/04\/logo-universitat-popular-de-valencia_vertical.svg\",\"contentUrl\":\"https:\/\/universitatpopular.com\/wp-content\/uploads\/2024\/04\/logo-universitat-popular-de-valencia_vertical.svg\",\"width\":190.15,\"height\":124.13,\"caption\":\"Universitat Popular\"},\"image\":{\"@id\":\"https:\/\/universitatpopular.com\/#\/schema\/logo\/image\/\"},\"sameAs\":[\"https:\/\/www.facebook.com\/universitatpopularvalencia\/\",\"https:\/\/x.com\/univ_po_pu_lar\",\"https:\/\/www.instagram.com\/universitatpopularvlc\/\",\"https:\/\/www.youtube.com\/channel\/UC6MyVEiz44QUeMvO8K3ofwA\"]},{\"@type\":\"Person\",\"@id\":\"https:\/\/universitatpopular.com\/#\/schema\/person\/d3c71acd9b53f704d446f37ace9b1274\",\"name\":\"up_admin\",\"sameAs\":[\"https:\/\/universitatpopular.com\"],\"url\":\"https:\/\/universitatpopular.com\/ca\/author\/up_admin\/\"}]}<\/script>\n<!-- \/ Yoast SEO plugin. -->","yoast_head_json":{"title":"La Universitat Popular del Forn d\u2019Alcedo repr\u00e9n activitats despr\u00e9s de la riuada - Universitat Popular","robots":{"index":"index","follow":"follow","max-snippet":"max-snippet:-1","max-image-preview":"max-image-preview:large","max-video-preview":"max-video-preview:-1"},"canonical":"https:\/\/universitatpopular.com\/ca\/2025\/01\/14\/la-universitat-popular-del-forn-dalcedo-repren-activitats-despres-de-la-riuada\/","og_locale":"ca_ES","og_type":"article","og_title":"La Universitat Popular del Forn d\u2019Alcedo repr\u00e9n activitats despr\u00e9s de la riuada - Universitat Popular","og_description":"La Universitat Popular del Forn d\u2019Alcedo reobri les instal\u00b7lacions despr\u00e9s de la riuada i repr\u00e9n les classes de Balls de sal\u00f3 i de Balls en l\u00ednia en el seu local [&hellip;]","og_url":"https:\/\/universitatpopular.com\/ca\/2025\/01\/14\/la-universitat-popular-del-forn-dalcedo-repren-activitats-despres-de-la-riuada\/","og_site_name":"Universitat Popular","article_publisher":"https:\/\/www.facebook.com\/universitatpopularvalencia\/","article_published_time":"2025-01-14T10:43:45+00:00","article_modified_time":"2025-01-14T11:15:12+00:00","og_image":[{"width":1600,"height":900,"url":"https:\/\/universitatpopular.com\/wp-content\/uploads\/2025\/01\/WhatsApp-Image-2025-01-13-at-12.42.36.jpeg","type":"image\/jpeg"}],"author":"up_admin","twitter_card":"summary_large_image","twitter_creator":"@univ_po_pu_lar","twitter_site":"@univ_po_pu_lar","twitter_misc":{"Escrit per":"up_admin","Temps estimat de lectura":"3 minuts"},"schema":{"@context":"https:\/\/schema.org","@graph":[{"@type":"Article","@id":"https:\/\/universitatpopular.com\/ca\/2025\/01\/14\/la-universitat-popular-del-forn-dalcedo-repren-activitats-despres-de-la-riuada\/#article","isPartOf":{"@id":"https:\/\/universitatpopular.com\/ca\/2025\/01\/14\/la-universitat-popular-del-forn-dalcedo-repren-activitats-despres-de-la-riuada\/"},"author":{"name":"up_admin","@id":"https:\/\/universitatpopular.com\/#\/schema\/person\/d3c71acd9b53f704d446f37ace9b1274"},"headline":"La Universitat Popular del Forn d\u2019Alcedo repr\u00e9n activitats despr\u00e9s de la riuada","datePublished":"2025-01-14T10:43:45+00:00","dateModified":"2025-01-14T11:15:12+00:00","mainEntityOfPage":{"@id":"https:\/\/universitatpopular.com\/ca\/2025\/01\/14\/la-universitat-popular-del-forn-dalcedo-repren-activitats-despres-de-la-riuada\/"},"wordCount":703,"commentCount":0,"publisher":{"@id":"https:\/\/universitatpopular.com\/#organization"},"image":{"@id":"https:\/\/universitatpopular.com\/ca\/2025\/01\/14\/la-universitat-popular-del-forn-dalcedo-repren-activitats-despres-de-la-riuada\/#primaryimage"},"thumbnailUrl":"https:\/\/universitatpopular.com\/wp-content\/uploads\/2025\/01\/WhatsApp-Image-2025-01-13-at-12.42.36.jpeg","articleSection":["Actualitat"],"inLanguage":"ca","potentialAction":[{"@type":"CommentAction","name":"Comment","target":["https:\/\/universitatpopular.com\/ca\/2025\/01\/14\/la-universitat-popular-del-forn-dalcedo-repren-activitats-despres-de-la-riuada\/#respond"]}]},{"@type":"WebPage","@id":"https:\/\/universitatpopular.com\/ca\/2025\/01\/14\/la-universitat-popular-del-forn-dalcedo-repren-activitats-despres-de-la-riuada\/","url":"https:\/\/universitatpopular.com\/ca\/2025\/01\/14\/la-universitat-popular-del-forn-dalcedo-repren-activitats-despres-de-la-riuada\/","name":"La Universitat Popular del Forn d\u2019Alcedo repr\u00e9n activitats despr\u00e9s de la riuada - Universitat Popular","isPartOf":{"@id":"https:\/\/universitatpopular.com\/#website"},"primaryImageOfPage":{"@id":"https:\/\/universitatpopular.com\/ca\/2025\/01\/14\/la-universitat-popular-del-forn-dalcedo-repren-activitats-despres-de-la-riuada\/#primaryimage"},"image":{"@id":"https:\/\/universitatpopular.com\/ca\/2025\/01\/14\/la-universitat-popular-del-forn-dalcedo-repren-activitats-despres-de-la-riuada\/#primaryimage"},"thumbnailUrl":"https:\/\/universitatpopular.com\/wp-content\/uploads\/2025\/01\/WhatsApp-Image-2025-01-13-at-12.42.36.jpeg","datePublished":"2025-01-14T10:43:45+00:00","dateModified":"2025-01-14T11:15:12+00:00","breadcrumb":{"@id":"https:\/\/universitatpopular.com\/ca\/2025\/01\/14\/la-universitat-popular-del-forn-dalcedo-repren-activitats-despres-de-la-riuada\/#breadcrumb"},"inLanguage":"ca","potentialAction":[{"@type":"ReadAction","target":["https:\/\/universitatpopular.com\/ca\/2025\/01\/14\/la-universitat-popular-del-forn-dalcedo-repren-activitats-despres-de-la-riuada\/"]}]},{"@type":"ImageObject","inLanguage":"ca","@id":"https:\/\/universitatpopular.com\/ca\/2025\/01\/14\/la-universitat-popular-del-forn-dalcedo-repren-activitats-despres-de-la-riuada\/#primaryimage","url":"https:\/\/universitatpopular.com\/wp-content\/uploads\/2025\/01\/WhatsApp-Image-2025-01-13-at-12.42.36.jpeg","contentUrl":"https:\/\/universitatpopular.com\/wp-content\/uploads\/2025\/01\/WhatsApp-Image-2025-01-13-at-12.42.36.jpeg","width":1600,"height":900},{"@type":"BreadcrumbList","@id":"https:\/\/universitatpopular.com\/ca\/2025\/01\/14\/la-universitat-popular-del-forn-dalcedo-repren-activitats-despres-de-la-riuada\/#breadcrumb","itemListElement":[{"@type":"ListItem","position":1,"name":"Portada","item":"https:\/\/universitatpopular.com\/ca\/portada\/"},{"@type":"ListItem","position":2,"name":"La Universitat Popular del Forn d\u2019Alcedo repr\u00e9n activitats despr\u00e9s de la riuada"}]},{"@type":"WebSite","@id":"https:\/\/universitatpopular.com\/#website","url":"https:\/\/universitatpopular.com\/","name":"Universitat Popular","description":"Web de la Universitat Popular de l&#039;Ajuntament de Val\u00e8ncia","publisher":{"@id":"https:\/\/universitatpopular.com\/#organization"},"potentialAction":[{"@type":"SearchAction","target":{"@type":"EntryPoint","urlTemplate":"https:\/\/universitatpopular.com\/?s={search_term_string}"},"query-input":{"@type":"PropertyValueSpecification","valueRequired":true,"valueName":"search_term_string"}}],"inLanguage":"ca"},{"@type":"Organization","@id":"https:\/\/universitatpopular.com\/#organization","name":"Universitat Popular","url":"https:\/\/universitatpopular.com\/","logo":{"@type":"ImageObject","inLanguage":"ca","@id":"https:\/\/universitatpopular.com\/#\/schema\/logo\/image\/","url":"https:\/\/universitatpopular.com\/wp-content\/uploads\/2024\/04\/logo-universitat-popular-de-valencia_vertical.svg","contentUrl":"https:\/\/universitatpopular.com\/wp-content\/uploads\/2024\/04\/logo-universitat-popular-de-valencia_vertical.svg","width":190.15,"height":124.13,"caption":"Universitat Popular"},"image":{"@id":"https:\/\/universitatpopular.com\/#\/schema\/logo\/image\/"},"sameAs":["https:\/\/www.facebook.com\/universitatpopularvalencia\/","https:\/\/x.com\/univ_po_pu_lar","https:\/\/www.instagram.com\/universitatpopularvlc\/","https:\/\/www.youtube.com\/channel\/UC6MyVEiz44QUeMvO8K3ofwA"]},{"@type":"Person","@id":"https:\/\/universitatpopular.com\/#\/schema\/person\/d3c71acd9b53f704d446f37ace9b1274","name":"up_admin","sameAs":["https:\/\/universitatpopular.com"],"url":"https:\/\/universitatpopular.com\/ca\/author\/up_admin\/"}]}},"_links":{"self":[{"href":"https:\/\/universitatpopular.com\/ca\/wp-json\/wp\/v2\/posts\/6956","targetHints":{"allow":["GET"]}}],"collection":[{"href":"https:\/\/universitatpopular.com\/ca\/wp-json\/wp\/v2\/posts"}],"about":[{"href":"https:\/\/universitatpopular.com\/ca\/wp-json\/wp\/v2\/types\/post"}],"author":[{"embeddable":true,"href":"https:\/\/universitatpopular.com\/ca\/wp-json\/wp\/v2\/users\/1"}],"replies":[{"embeddable":true,"href":"https:\/\/universitatpopular.com\/ca\/wp-json\/wp\/v2\/comments?post=6956"}],"version-history":[{"count":3,"href":"https:\/\/universitatpopular.com\/ca\/wp-json\/wp\/v2\/posts\/6956\/revisions"}],"predecessor-version":[{"id":6965,"href":"https:\/\/universitatpopular.com\/ca\/wp-json\/wp\/v2\/posts\/6956\/revisions\/6965"}],"wp:featuredmedia":[{"embeddable":true,"href":"https:\/\/universitatpopular.com\/ca\/wp-json\/wp\/v2\/media\/6953"}],"wp:attachment":[{"href":"https:\/\/universitatpopular.com\/ca\/wp-json\/wp\/v2\/media?parent=6956"}],"wp:term":[{"taxonomy":"category","embeddable":true,"href":"https:\/\/universitatpopular.com\/ca\/wp-json\/wp\/v2\/categories?post=6956"},{"taxonomy":"post_tag","embeddable":true,"href":"https:\/\/universitatpopular.com\/ca\/wp-json\/wp\/v2\/tags?post=6956"}],"curies":[{"name":"wp","href":"https:\/\/api.w.org\/{rel}","templated":true}]}}